{"id":18682,"date":"2026-04-29T11:34:41","date_gmt":"2026-04-29T09:34:41","guid":{"rendered":"https:\/\/www.noous.co\/blog\/?p=18682"},"modified":"2026-04-29T12:12:44","modified_gmt":"2026-04-29T10:12:44","slug":"intelligence-artificielle-formation-des-usages-concrets-qui-transforment-deja-les-pratiques","status":"publish","type":"post","link":"https:\/\/www.noous.co\/blog\/solutions-digitales\/intelligence-artificielle-formation-des-usages-concrets-qui-transforment-deja-les-pratiques\/","title":{"rendered":"Intelligence artificielle formation : des usages concrets qui transforment d\u00e9j\u00e0 les pratiques"},"content":{"rendered":"<p>[et_pb_section fb_built=\u00a0\u00bb1&Prime; _builder_version=\u00a0\u00bb4.16&Prime; custom_margin=\u00a0\u00bb-6px||40px||false|false\u00a0\u00bb custom_padding=\u00a0\u00bb0px||0px||false|false\u00a0\u00bb global_colors_info=\u00a0\u00bb{}\u00a0\u00bb][et_pb_row _builder_version=\u00a0\u00bb4.27.4&Prime; background_color=\u00a0\u00bb#ffffff\u00a0\u00bb custom_margin=\u00a0\u00bb0px||0px||false|false\u00a0\u00bb custom_padding=\u00a0\u00bb0px||0px||false|false\u00a0\u00bb global_colors_info=\u00a0\u00bb{}\u00a0\u00bb][et_pb_column type=\u00a0\u00bb4_4&Prime; _builder_version=\u00a0\u00bb4.27.4&Prime; _module_preset=\u00a0\u00bbdefault\u00a0\u00bb global_colors_info=\u00a0\u00bb{}\u00a0\u00bb][et_pb_text _builder_version=\u00a0\u00bb4.27.6&Prime; text_font=\u00a0\u00bbMontserrat||||||||\u00a0\u00bb custom_padding=\u00a0\u00bb||0px|||\u00a0\u00bb inline_fonts=\u00a0\u00bbABeeZee\u00a0\u00bb global_colors_info=\u00a0\u00bb{}\u00a0\u00bb]<\/p>\n<p>L\u2019<strong>intelligence artificielle<\/strong> est aujourd\u2019hui sur toutes les l\u00e8vres. Mais lorsqu\u2019il s\u2019agit de formation, beaucoup d\u2019entreprises s\u2019interrogent encore : s\u2019agit-il d\u2019un effet de mode ou d\u2019un v\u00e9ritable levier de transformation ?<\/p>\n<p>Sur le terrain, la r\u00e9ponse est d\u00e9j\u00e0 claire. Sans bouleverser du jour au lendemain les pratiques, l\u2019<strong>intelligence artificielle formation<\/strong> s\u2019int\u00e8gre progressivement dans les outils et les usages, avec un objectif simple : mieux <strong>piloter la formation<\/strong> et la rendre plus efficace.<\/p>\n<p>Et surtout, elle le fait de mani\u00e8re tr\u00e8s concr\u00e8te.<\/p>\n<p>[\/et_pb_text][\/et_pb_column][\/et_pb_row][\/et_pb_section][et_pb_section fb_built=\u00a0\u00bb1&Prime; module_id=\u00a0\u00bb1&Prime; _builder_version=\u00a0\u00bb4.27.6&Prime; min_height=\u00a0\u00bb1993.1px\u00a0\u00bb custom_margin=\u00a0\u00bb0px||76px|-5px|false|false\u00a0\u00bb custom_padding=\u00a0\u00bb0px||0px||false|false\u00a0\u00bb global_colors_info=\u00a0\u00bb{}\u00a0\u00bb][et_pb_row _builder_version=\u00a0\u00bb4.27.6&Prime; custom_margin=\u00a0\u00bb0px|auto|0px|auto|true|false\u00a0\u00bb custom_padding=\u00a0\u00bb0px||0px||false|false\u00a0\u00bb global_colors_info=\u00a0\u00bb{}\u00a0\u00bb][et_pb_column type=\u00a0\u00bb4_4&Prime; _builder_version=\u00a0\u00bb4.16&Prime; global_colors_info=\u00a0\u00bb{}\u00a0\u00bb][et_pb_divider color=\u00a0\u00bb#B3B3B3&Prime; _builder_version=\u00a0\u00bb4.16&Prime; width=\u00a0\u00bb20%\u00a0\u00bb module_alignment=\u00a0\u00bbleft\u00a0\u00bb custom_margin=\u00a0\u00bb0px||0px||false|false\u00a0\u00bb custom_padding=\u00a0\u00bb0px||0px||false|false\u00a0\u00bb global_colors_info=\u00a0\u00bb{}\u00a0\u00bb][\/et_pb_divider][et_pb_text _builder_version=\u00a0\u00bb4.27.6&Prime; header_2_font=\u00a0\u00bb|600|||||||\u00a0\u00bb header_2_text_color=\u00a0\u00bb#15b4b6&Prime; header_2_font_size=\u00a0\u00bb27px\u00a0\u00bb custom_margin=\u00a0\u00bb0px||20px||false|false\u00a0\u00bb custom_padding=\u00a0\u00bb0px||0px||false|false\u00a0\u00bb global_colors_info=\u00a0\u00bb{}\u00a0\u00bb]<\/p>\n<h2><strong>Une gestion de la formation plus \u00e9clair\u00e9e gr\u00e2ce \u00e0 l\u2019intelligence artificielle<\/strong><\/h2>\n<p>[\/et_pb_text][et_pb_text _builder_version=\u00a0\u00bb4.27.6&Prime; _module_preset=\u00a0\u00bbdefault\u00a0\u00bb inline_fonts=\u00a0\u00bbAlice\u00a0\u00bb global_colors_info=\u00a0\u00bb{}\u00a0\u00bb]<\/p>\n<p>Pendant longtemps, le<a href=\"https:\/\/www.noous.co\/blog\/solutions-digitales\/plan-de-competences-rh-structurer-et-piloter-efficacement\/\"> <strong>pilotage du plan de comp\u00e9tences<\/strong> <\/a>a repos\u00e9 sur des outils dispers\u00e9s et une vision parfois partielle. Entre fichiers Excel, suivis manuels et arbitrages complexes, il \u00e9tait difficile d\u2019avoir une lecture claire des priorit\u00e9s et de l\u2019impact des actions men\u00e9es.<\/p>\n<p>L\u2019<strong>intelligence artificielle<\/strong> permet aujourd\u2019hui de mieux exploiter les <strong>donn\u00e9es RH<\/strong> existantes. En analysant les informations RH (postes, \u00e9valuations, formations suivies), elle aide \u00e0 identifier les \u00e9carts entre les <strong>comp\u00e9tences<\/strong> actuelles et celles qui seront n\u00e9cessaires demain. Cette \u00e9volution s\u2019inscrit plus largement dans la <a href=\"https:\/\/www.noous.co\/blog\/solutions-digitales\/digitalisation-gestion-formation-entreprise\/\"><strong data-start=\"1596\" data-end=\"1644\">digitalisation de la formation en entreprise<\/strong><\/a>, un levier cl\u00e9 pour structurer les processus et gagner en efficacit\u00e9\u00a0<\/p>\n<p>Concr\u00e8tement, l\u2019<strong>intelligence artificielle formation<\/strong> permet d\u2019anticiper plut\u00f4t que de subir. Les besoins en <strong>formation professionnelle<\/strong> deviennent plus visibles, plus structur\u00e9s, et donc plus faciles \u00e0 adresser.<\/p>\n<p>[\/et_pb_text][\/et_pb_column][\/et_pb_row][et_pb_row _builder_version=\u00a0\u00bb4.27.6&Prime; _module_preset=\u00a0\u00bbdefault\u00a0\u00bb custom_margin=\u00a0\u00bb32px|auto|0px|auto|false|false\u00a0\u00bb custom_padding=\u00a0\u00bb0px||0px||true|false\u00a0\u00bb global_colors_info=\u00a0\u00bb{}\u00a0\u00bb][et_pb_column type=\u00a0\u00bb4_4&Prime; _builder_version=\u00a0\u00bb4.27.6&Prime; _module_preset=\u00a0\u00bbdefault\u00a0\u00bb global_colors_info=\u00a0\u00bb{}\u00a0\u00bb][et_pb_divider color=\u00a0\u00bb#B3B3B3&Prime; _builder_version=\u00a0\u00bb4.16&Prime; width=\u00a0\u00bb20%\u00a0\u00bb module_alignment=\u00a0\u00bbleft\u00a0\u00bb custom_margin=\u00a0\u00bb0px||0px||false|false\u00a0\u00bb custom_padding=\u00a0\u00bb0px||0px||false|false\u00a0\u00bb global_colors_info=\u00a0\u00bb{}\u00a0\u00bb][\/et_pb_divider][et_pb_text _builder_version=\u00a0\u00bb4.27.6&Prime; header_2_font=\u00a0\u00bb|600|||||||\u00a0\u00bb header_2_text_color=\u00a0\u00bb#15b4b6&Prime; header_2_font_size=\u00a0\u00bb27px\u00a0\u00bb custom_margin=\u00a0\u00bb0px||0px||true|false\u00a0\u00bb custom_padding=\u00a0\u00bb0px||0px||false|false\u00a0\u00bb global_colors_info=\u00a0\u00bb{}\u00a0\u00bb]<\/p>\n<h2><strong>Des d\u00e9cisions formation plus structur\u00e9es et bas\u00e9es sur la donn\u00e9e<\/strong><\/h2>\n<p>[\/et_pb_text][et_pb_text _builder_version=\u00a0\u00bb4.27.6&Prime; _module_preset=\u00a0\u00bbdefault\u00a0\u00bb global_colors_info=\u00a0\u00bb{}\u00a0\u00bb]<\/p>\n<p>La question de la priorisation est centrale dans toute <strong>strat\u00e9gie de formation<\/strong>. Les ressources \u00e9tant limit\u00e9es, il est essentiel d\u2019investir l\u00e0 o\u00f9 l\u2019impact sera le plus fort.<\/p>\n<p>L\u2019<strong>IA<\/strong> apporte ici une aide pr\u00e9cieuse en objectivant les d\u00e9cisions. Elle permet d\u2019identifier les <strong>comp\u00e9tences cl\u00e9s<\/strong>, de mieux comprendre les enjeux m\u00e9tiers et d\u2019orienter les investissements en cons\u00e9quence.<\/p>\n<p>On passe ainsi d\u2019une logique parfois intuitive \u00e0 une approche plus rationnelle, bas\u00e9e sur des <strong>donn\u00e9es concr\u00e8tes<\/strong>, renforc\u00e9e par l\u2019<strong>intelligence artificielle formation<\/strong>.<\/p>\n<p>[\/et_pb_text][et_pb_divider color=\u00a0\u00bb#B3B3B3&Prime; _builder_version=\u00a0\u00bb4.16&Prime; width=\u00a0\u00bb20%\u00a0\u00bb module_alignment=\u00a0\u00bbleft\u00a0\u00bb custom_margin=\u00a0\u00bb0px||0px||false|false\u00a0\u00bb custom_padding=\u00a0\u00bb0px||0px||false|false\u00a0\u00bb global_colors_info=\u00a0\u00bb{}\u00a0\u00bb][\/et_pb_divider][\/et_pb_column][\/et_pb_row][et_pb_row _builder_version=\u00a0\u00bb4.27.4&Prime; _module_preset=\u00a0\u00bbdefault\u00a0\u00bb custom_margin=\u00a0\u00bb|auto|-22px|auto||\u00a0\u00bb custom_padding=\u00a0\u00bb||0px|||\u00a0\u00bb global_colors_info=\u00a0\u00bb{}\u00a0\u00bb][et_pb_column type=\u00a0\u00bb4_4&Prime; _builder_version=\u00a0\u00bb4.27.4&Prime; _module_preset=\u00a0\u00bbdefault\u00a0\u00bb global_colors_info=\u00a0\u00bb{}\u00a0\u00bb][et_pb_text _builder_version=\u00a0\u00bb4.27.6&Prime; header_2_font=\u00a0\u00bb|600|||||||\u00a0\u00bb header_2_text_color=\u00a0\u00bb#15b4b6&Prime; header_2_font_size=\u00a0\u00bb27px\u00a0\u00bb custom_margin=\u00a0\u00bb0px||-3px||false|false\u00a0\u00bb custom_padding=\u00a0\u00bb0px||0px||false|false\u00a0\u00bb global_colors_info=\u00a0\u00bb{}\u00a0\u00bb]<\/p>\n<h2><strong>Intelligence artificielle formation : un quotidien RH simplifi\u00e9<\/strong><\/h2>\n<p>[\/et_pb_text][et_pb_text _builder_version=\u00a0\u00bb4.27.6&Prime; text_font=\u00a0\u00bbMontserrat||||||||\u00a0\u00bb custom_margin=\u00a0\u00bb14px||14px||true|false\u00a0\u00bb custom_padding=\u00a0\u00bb||0px|||\u00a0\u00bb inline_fonts=\u00a0\u00bbABeeZee\u00a0\u00bb global_colors_info=\u00a0\u00bb{}\u00a0\u00bb]<\/p>\n<p>Au-del\u00e0 de la strat\u00e9gie, l\u2019<strong>IA<\/strong> transforme aussi la <strong>gestion op\u00e9rationnelle de la formation<\/strong>.<\/p>\n<p>Automatisation des relances, suivi des inscriptions, d\u00e9tection des retards, g\u00e9n\u00e9ration de <strong>reportings<\/strong>\u2026 autant de t\u00e2ches qui peuvent \u00eatre prises en charge par les outils.<\/p>\n<p>Le gain est double : un temps pr\u00e9cieux pour les <strong>\u00e9quipes RH<\/strong>, et une meilleure fiabilit\u00e9 dans le suivi des actions.<\/p>\n<p>C\u2019est dans ce type d\u2019usage que des <b><a href=\"https:\/\/www.noous.co\/blog\/formation-professionnelle\/logiciel-de-gestion-de-formation-structurer-son-plan-efficacement\/\">logiciel de gestion de la formation professionnelle<\/a>\u00a0 <\/b>sp\u00e9cialis\u00e9s, comme <a href=\"https:\/\/www.eleo.io\/\"><strong>Eleo by Noous,<\/strong><\/a> apportent de la valeur en structurant l\u2019ensemble du pilotage sans alourdir les processus.<\/p>\n<p>[\/et_pb_text][\/et_pb_column][\/et_pb_row][et_pb_row _builder_version=\u00a0\u00bb4.27.4&Prime; _module_preset=\u00a0\u00bbdefault\u00a0\u00bb custom_margin=\u00a0\u00bb-16px|auto||auto||\u00a0\u00bb global_colors_info=\u00a0\u00bb{}\u00a0\u00bb][et_pb_column type=\u00a0\u00bb4_4&Prime; _builder_version=\u00a0\u00bb4.27.4&Prime; _module_preset=\u00a0\u00bbdefault\u00a0\u00bb global_colors_info=\u00a0\u00bb{}\u00a0\u00bb][et_pb_cta title=\u00a0\u00bbEnvie de structurer et piloter votre strat\u00e9gie de formation avec des outils concrets ?\u00a0\u00bb button_url=\u00a0\u00bbhttps:\/\/www.eleo.io\/digitalisation-formation\/\u00a0\u00bb button_text=\u00a0\u00bbContactez-nous\u00a0\u00bb _builder_version=\u00a0\u00bb4.27.6&Prime; _module_preset=\u00a0\u00bbdefault\u00a0\u00bb header_level=\u00a0\u00bbh4&Prime; header_text_align=\u00a0\u00bbcenter\u00a0\u00bb header_text_color=\u00a0\u00bb#FFFFFF\u00a0\u00bb header_font_size=\u00a0\u00bb23px\u00a0\u00bb background_color=\u00a0\u00bb#15b4b6&Prime; use_background_color_gradient=\u00a0\u00bbon\u00a0\u00bb background_color_gradient_stops=\u00a0\u00bb#16b2b7 0%|#29c4a9 100%\u00a0\u00bb background_image=\u00a0\u00bbhttps:\/\/www.noous.co\/blog\/wp-content\/uploads\/2026\/01\/Image-de-fond-eleo-by-Noous.png\u00a0\u00bb custom_button=\u00a0\u00bbon\u00a0\u00bb button_text_size=\u00a0\u00bb17px\u00a0\u00bb button_text_color=\u00a0\u00bb#000000&Prime; button_bg_color=\u00a0\u00bb#FFFFFF\u00a0\u00bb button_border_width=\u00a0\u00bb0px\u00a0\u00bb button_border_color=\u00a0\u00bbRGBA(255,255,255,0)\u00a0\u00bb custom_margin=\u00a0\u00bb13px|||||\u00a0\u00bb link_option_url=\u00a0\u00bbhttps:\/\/www.eleo.io\/digitalisation-formation\/\u00a0\u00bb link_option_url_new_window=\u00a0\u00bbon\u00a0\u00bb border_radii=\u00a0\u00bbon|21px|21px|21px|21px\u00a0\u00bb global_colors_info=\u00a0\u00bb{}\u00a0\u00bb]<\/p>\n<p>D\u00e9couvrez comment Eleo by Noous vous aide \u00e0 exploiter tout le potentiel de l\u2019intelligence artificielle dans vos processus RH.<\/p>\n<p>[\/et_pb_cta][\/et_pb_column][\/et_pb_row][et_pb_row _builder_version=\u00a0\u00bb4.27.6&Prime; _module_preset=\u00a0\u00bbdefault\u00a0\u00bb custom_margin=\u00a0\u00bb7px|auto||auto|false|false\u00a0\u00bb global_colors_info=\u00a0\u00bb{}\u00a0\u00bb][et_pb_column type=\u00a0\u00bb4_4&Prime; _builder_version=\u00a0\u00bb4.27.6&Prime; _module_preset=\u00a0\u00bbdefault\u00a0\u00bb global_colors_info=\u00a0\u00bb{}\u00a0\u00bb][et_pb_text _builder_version=\u00a0\u00bb4.27.6&Prime; header_2_font=\u00a0\u00bb|600|||||||\u00a0\u00bb header_2_text_color=\u00a0\u00bb#15b4b6&Prime; header_2_font_size=\u00a0\u00bb27px\u00a0\u00bb custom_margin=\u00a0\u00bb0px||-3px||false|false\u00a0\u00bb custom_padding=\u00a0\u00bb0px||0px||false|false\u00a0\u00bb global_colors_info=\u00a0\u00bb{}\u00a0\u00bb]<\/p>\n<h2><strong>Une exp\u00e9rience apprenant plus personnalis\u00e9e<\/strong><\/h2>\n<p>[\/et_pb_text][et_pb_text _builder_version=\u00a0\u00bb4.27.6&Prime; _module_preset=\u00a0\u00bbdefault\u00a0\u00bb global_colors_info=\u00a0\u00bb{}\u00a0\u00bb]<\/p>\n<p>L\u2019un des apports les plus visibles de l\u2019<strong>IA<\/strong> concerne l\u2019<strong>exp\u00e9rience apprenant<\/strong>.<\/p>\n<p>Les parcours de formation ne sont plus fig\u00e9s. Ils peuvent d\u00e9sormais s\u2019adapter au niveau, aux objectifs et au rythme de chaque collaborateur.<\/p>\n<p>Recommandations de contenus, ajustement du niveau de difficult\u00e9, suggestions de formations compl\u00e9mentaires : l\u2019apprentissage devient plus individualis\u00e9 et donc plus engageant, notamment gr\u00e2ce \u00e0 l\u2019<strong>intelligence artificielle formation<\/strong>.<\/p>\n<p>[\/et_pb_text][\/et_pb_column][\/et_pb_row][et_pb_row _builder_version=\u00a0\u00bb4.27.6&Prime; _module_preset=\u00a0\u00bbdefault\u00a0\u00bb custom_margin=\u00a0\u00bb0px|auto|0px|auto|true|false\u00a0\u00bb global_colors_info=\u00a0\u00bb{}\u00a0\u00bb][et_pb_column type=\u00a0\u00bb4_4&Prime; _builder_version=\u00a0\u00bb4.27.6&Prime; _module_preset=\u00a0\u00bbdefault\u00a0\u00bb global_colors_info=\u00a0\u00bb{}\u00a0\u00bb][et_pb_divider color=\u00a0\u00bb#B3B3B3&Prime; _builder_version=\u00a0\u00bb4.16&Prime; width=\u00a0\u00bb20%\u00a0\u00bb module_alignment=\u00a0\u00bbleft\u00a0\u00bb custom_margin=\u00a0\u00bb0px||0px||false|false\u00a0\u00bb custom_padding=\u00a0\u00bb0px||0px||false|false\u00a0\u00bb global_colors_info=\u00a0\u00bb{}\u00a0\u00bb][\/et_pb_divider][et_pb_text _builder_version=\u00a0\u00bb4.27.6&Prime; header_2_font=\u00a0\u00bb|600|||||||\u00a0\u00bb header_2_text_color=\u00a0\u00bb#15b4b6&Prime; header_2_font_size=\u00a0\u00bb27px\u00a0\u00bb custom_margin=\u00a0\u00bb0px||-3px||false|false\u00a0\u00bb custom_padding=\u00a0\u00bb0px||0px||false|false\u00a0\u00bb global_colors_info=\u00a0\u00bb{}\u00a0\u00bb]<\/p>\n<h2><strong>Cr\u00e9er et faire \u00e9voluer les contenus de formation plus rapidement<\/strong><\/h2>\n<p>[\/et_pb_text][et_pb_text _builder_version=\u00a0\u00bb4.27.6&Prime; _module_preset=\u00a0\u00bbdefault\u00a0\u00bb global_colors_info=\u00a0\u00bb{}\u00a0\u00bb]<\/p>\n<p>L\u2019<strong>IA<\/strong> permet \u00e9galement d\u2019acc\u00e9l\u00e9rer la <strong>cr\u00e9ation de contenus p\u00e9dagogiques<\/strong>.<\/p>\n<p>Quiz, synth\u00e8ses, supports\u2026 peuvent \u00eatre g\u00e9n\u00e9r\u00e9s plus rapidement, ce qui facilite la mise \u00e0 jour r\u00e9guli\u00e8re des formations. C\u2019est un levier particuli\u00e8rement utile dans des environnements o\u00f9 les <strong>comp\u00e9tences \u00e9voluent<\/strong> vite.<\/p>\n<p>Cela ne remplace pas l\u2019expertise des \u00e9quipes formation, mais leur permet de se concentrer sur la qualit\u00e9 et la pertinence des contenus.<\/p>\n<p>[\/et_pb_text][\/et_pb_column][\/et_pb_row][et_pb_row _builder_version=\u00a0\u00bb4.27.6&Prime; _module_preset=\u00a0\u00bbdefault\u00a0\u00bb custom_margin=\u00a0\u00bb0px|auto|0px|auto|true|false\u00a0\u00bb global_colors_info=\u00a0\u00bb{}\u00a0\u00bb][et_pb_column type=\u00a0\u00bb4_4&Prime; _builder_version=\u00a0\u00bb4.27.6&Prime; _module_preset=\u00a0\u00bbdefault\u00a0\u00bb global_colors_info=\u00a0\u00bb{}\u00a0\u00bb][et_pb_divider color=\u00a0\u00bb#B3B3B3&Prime; _builder_version=\u00a0\u00bb4.16&Prime; width=\u00a0\u00bb20%\u00a0\u00bb module_alignment=\u00a0\u00bbleft\u00a0\u00bb custom_margin=\u00a0\u00bb0px||0px||false|false\u00a0\u00bb custom_padding=\u00a0\u00bb0px||0px||false|false\u00a0\u00bb global_colors_info=\u00a0\u00bb{}\u00a0\u00bb][\/et_pb_divider][et_pb_text _builder_version=\u00a0\u00bb4.27.6&Prime; header_2_font=\u00a0\u00bb|600|||||||\u00a0\u00bb header_2_text_color=\u00a0\u00bb#15b4b6&Prime; header_2_font_size=\u00a0\u00bb27px\u00a0\u00bb custom_margin=\u00a0\u00bb0px||-3px||false|false\u00a0\u00bb custom_padding=\u00a0\u00bb0px||0px||false|false\u00a0\u00bb global_colors_info=\u00a0\u00bb{}\u00a0\u00bb]<\/p>\n<h2><strong>Mesurer l\u2019efficacit\u00e9 des formations avec l\u2019IA<\/strong><\/h2>\n<p>[\/et_pb_text][et_pb_text _builder_version=\u00a0\u00bb4.27.6&Prime; _module_preset=\u00a0\u00bbdefault\u00a0\u00bb global_colors_info=\u00a0\u00bb{}\u00a0\u00bb]<\/p>\n<p>Enfin, l\u2019<strong>IA<\/strong> permet d\u2019aller plus loin dans l\u2019analyse de la <strong>performance formation<\/strong>.<\/p>\n<p>Elle aide \u00e0 comprendre la progression des apprenants, \u00e0 identifier les points de blocage et \u00e0 mesurer l\u2019impact r\u00e9el des actions men\u00e9es.<\/p>\n<p>Cette capacit\u00e9 d\u2019analyse est essentielle pour ajuster les <strong>plans de formation<\/strong> et am\u00e9liorer en continu les dispositifs, notamment avec l\u2019<strong>intelligence artificielle formation<\/strong>.<\/p>\n<p>[\/et_pb_text][\/et_pb_column][\/et_pb_row][et_pb_row _builder_version=\u00a0\u00bb4.27.6&Prime; _module_preset=\u00a0\u00bbdefault\u00a0\u00bb custom_margin=\u00a0\u00bb0px|auto|0px|auto|true|false\u00a0\u00bb custom_padding=\u00a0\u00bb0px||0px||true|false\u00a0\u00bb global_colors_info=\u00a0\u00bb{}\u00a0\u00bb][et_pb_column type=\u00a0\u00bb4_4&Prime; _builder_version=\u00a0\u00bb4.27.6&Prime; _module_preset=\u00a0\u00bbdefault\u00a0\u00bb global_colors_info=\u00a0\u00bb{}\u00a0\u00bb][et_pb_divider color=\u00a0\u00bb#B3B3B3&Prime; _builder_version=\u00a0\u00bb4.16&Prime; width=\u00a0\u00bb20%\u00a0\u00bb module_alignment=\u00a0\u00bbleft\u00a0\u00bb custom_margin=\u00a0\u00bb0px||0px||false|false\u00a0\u00bb custom_padding=\u00a0\u00bb0px||0px||false|false\u00a0\u00bb global_colors_info=\u00a0\u00bb{}\u00a0\u00bb][\/et_pb_divider][et_pb_text _builder_version=\u00a0\u00bb4.27.6&Prime; header_2_font=\u00a0\u00bb|600|||||||\u00a0\u00bb header_2_text_color=\u00a0\u00bb#15b4b6&Prime; header_2_font_size=\u00a0\u00bb27px\u00a0\u00bb custom_margin=\u00a0\u00bb0px||-3px||false|false\u00a0\u00bb custom_padding=\u00a0\u00bb0px||0px||false|false\u00a0\u00bb global_colors_info=\u00a0\u00bb{}\u00a0\u00bb]<\/p>\n<h2><strong>Une transformation d\u00e9j\u00e0 en marche<\/strong><\/h2>\n<p>[\/et_pb_text][et_pb_text _builder_version=\u00a0\u00bb4.27.6&Prime; _module_preset=\u00a0\u00bbdefault\u00a0\u00bb custom_margin=\u00a0\u00bb0px||0px||true|false\u00a0\u00bb custom_padding=\u00a0\u00bb0px||0px||true|false\u00a0\u00bb global_colors_info=\u00a0\u00bb{}\u00a0\u00bb]<\/p>\n<p>L\u2019<strong>intelligence artificielle<\/strong> ne remplace pas les \u00e9quipes RH ni les choix strat\u00e9giques.<\/p>\n<p>[\/et_pb_text][\/et_pb_column][\/et_pb_row][et_pb_row _builder_version=\u00a0\u00bb4.27.6&Prime; _module_preset=\u00a0\u00bbdefault\u00a0\u00bb global_colors_info=\u00a0\u00bb{}\u00a0\u00bb][et_pb_column type=\u00a0\u00bb4_4&Prime; _builder_version=\u00a0\u00bb4.27.6&Prime; _module_preset=\u00a0\u00bbdefault\u00a0\u00bb global_colors_info=\u00a0\u00bb{}\u00a0\u00bb][et_pb_text _builder_version=\u00a0\u00bb4.27.6&Prime; _module_preset=\u00a0\u00bbdefault\u00a0\u00bb custom_margin=\u00a0\u00bb||||false|false\u00a0\u00bb custom_padding=\u00a0\u00bb14px|10px|3px|22px|false|false\u00a0\u00bb border_radii=\u00a0\u00bbon|20px|20px|20px|20px\u00a0\u00bb border_width_all=\u00a0\u00bb1px\u00a0\u00bb border_color_all=\u00a0\u00bb#15b4b6&Prime; box_shadow_style=\u00a0\u00bbpreset1&Prime; global_colors_info=\u00a0\u00bb{}\u00a0\u00bb]<\/p>\n<p>En revanche, elle change profond\u00e9ment la mani\u00e8re de <strong>piloter la formation<\/strong> :<\/p>\n<ul>\n<li>plus de visibilit\u00e9<\/li>\n<li>des d\u00e9cisions mieux \u00e9clair\u00e9es<\/li>\n<li>une <strong>exp\u00e9rience apprenant<\/strong> am\u00e9lior\u00e9e<\/li>\n<\/ul>\n<p>[\/et_pb_text][et_pb_text _builder_version=\u00a0\u00bb4.27.6&Prime; _module_preset=\u00a0\u00bbdefault\u00a0\u00bb custom_margin=\u00a0\u00bb0px||0px||true|false\u00a0\u00bb custom_padding=\u00a0\u00bb0px||0px||true|false\u00a0\u00bb global_colors_info=\u00a0\u00bb{}\u00a0\u00bb]<\/p>\n<p>Les usages sont d\u00e9j\u00e0 l\u00e0, concrets, et leur adoption continue de progresser, une tendance \u00e9galement observ\u00e9e \u00e0 l\u2019\u00e9chelle internationale par l\u2019<span class=\"hover:entity-accent entity-underline inline cursor-pointer align-baseline\"><span class=\"whitespace-normal\">OCDE<\/span><\/span>, port\u00e9e par l\u2019<strong data-start=\"5045\" data-end=\"5084\">intelligence artificielle formation<\/strong>.<\/p>\n<p>[\/et_pb_text][\/et_pb_column][\/et_pb_row][et_pb_row _builder_version=\u00a0\u00bb4.27.6&Prime; _module_preset=\u00a0\u00bbdefault\u00a0\u00bb custom_margin=\u00a0\u00bb0px|auto|0px|auto|true|false\u00a0\u00bb global_colors_info=\u00a0\u00bb{}\u00a0\u00bb][et_pb_column type=\u00a0\u00bb4_4&Prime; _builder_version=\u00a0\u00bb4.27.6&Prime; _module_preset=\u00a0\u00bbdefault\u00a0\u00bb global_colors_info=\u00a0\u00bb{}\u00a0\u00bb][et_pb_divider color=\u00a0\u00bb#B3B3B3&Prime; _builder_version=\u00a0\u00bb4.16&Prime; width=\u00a0\u00bb20%\u00a0\u00bb module_alignment=\u00a0\u00bbleft\u00a0\u00bb custom_margin=\u00a0\u00bb0px||0px||false|false\u00a0\u00bb custom_padding=\u00a0\u00bb0px||0px||false|false\u00a0\u00bb global_colors_info=\u00a0\u00bb{}\u00a0\u00bb][\/et_pb_divider][et_pb_text _builder_version=\u00a0\u00bb4.27.6&Prime; header_2_font=\u00a0\u00bb|600|||||||\u00a0\u00bb header_2_text_color=\u00a0\u00bb#15b4b6&Prime; header_2_font_size=\u00a0\u00bb27px\u00a0\u00bb custom_margin=\u00a0\u00bb0px||-3px||false|false\u00a0\u00bb custom_padding=\u00a0\u00bb0px||0px||false|false\u00a0\u00bb global_colors_info=\u00a0\u00bb{}\u00a0\u00bb]<\/p>\n<h3><strong>Conclusion : int\u00e9grer l\u2019IA dans sa strat\u00e9gie formation<\/strong><\/h3>\n<p>[\/et_pb_text][et_pb_text _builder_version=\u00a0\u00bb4.27.6&Prime; _module_preset=\u00a0\u00bbdefault\u00a0\u00bb global_colors_info=\u00a0\u00bb{}\u00a0\u00bb]<\/p>\n<p>L\u2019<strong>IA dans la formation<\/strong> n\u2019est ni une promesse lointaine, ni un simple effet de mode. C\u2019est un levier d\u00e9j\u00e0 op\u00e9rationnel, qui permet de rendre la <strong>gestion des comp\u00e9tences<\/strong> plus efficace et plus strat\u00e9gique.<\/p>\n<p>Mais sa r\u00e9ussite repose sur un \u00e9quilibre : s\u2019appuyer sur la technologie, tout en conservant une vision et un <strong>pilotage RH<\/strong> humains.<\/p>\n<p>\ud83d\udc49 Les entreprises capables de combiner m\u00e9thode, outils et pragmatisme tireront pleinement parti de l\u2019<strong>intelligence artificielle formation<\/strong>.<\/p>\n<p>[\/et_pb_text][\/et_pb_column][\/et_pb_row][et_pb_row _builder_version=\u00a0\u00bb4.27.6&Prime; global_colors_info=\u00a0\u00bb{}\u00a0\u00bb][et_pb_column type=\u00a0\u00bb4_4&Prime; _builder_version=\u00a0\u00bb4.16&Prime; global_colors_info=\u00a0\u00bb{}\u00a0\u00bb][et_pb_cta title=\u00a0\u00bbAugmentez l&rsquo;efficacit\u00e9 de votre plan de comp\u00e9tences en 2026  : strat\u00e9gies et outils \u00a0\u00bb button_url=\u00a0\u00bbhttps:\/\/webikeo.fr\/webinar\/augmentez-l-efficacite-de-votre-plan-de-competences-en-2026-strategies-et-outils#webinar\u00a0\u00bb button_text=\u00a0\u00bbVisionnez le replay du webinaire\u00a0\u00bb _builder_version=\u00a0\u00bb4.27.6&Prime; _module_preset=\u00a0\u00bbdefault\u00a0\u00bb header_level=\u00a0\u00bbh4&Prime; header_text_align=\u00a0\u00bbcenter\u00a0\u00bb header_text_color=\u00a0\u00bb#000000&Prime; header_font_size=\u00a0\u00bb18px\u00a0\u00bb background_color=\u00a0\u00bb#15b4b6&Prime; use_background_color_gradient=\u00a0\u00bbon\u00a0\u00bb background_color_gradient_stops=\u00a0\u00bb#16b2b7 0%|#29c4a9 100%\u00a0\u00bb background_image=\u00a0\u00bbhttps:\/\/www.noous.co\/blog\/wp-content\/uploads\/2026\/04\/Webinaire-plan-de-competences-en-2026-1.png\u00a0\u00bb custom_button=\u00a0\u00bbon\u00a0\u00bb button_text_size=\u00a0\u00bb17px\u00a0\u00bb button_text_color=\u00a0\u00bb#000000&Prime; button_bg_color=\u00a0\u00bb#FFFFFF\u00a0\u00bb button_border_width=\u00a0\u00bb0px\u00a0\u00bb button_border_color=\u00a0\u00bbRGBA(255,255,255,0)\u00a0\u00bb custom_margin=\u00a0\u00bb13px|||||\u00a0\u00bb link_option_url=\u00a0\u00bbhttps:\/\/webikeo.fr\/webinar\/augmentez-l-efficacite-de-votre-plan-de-competences-en-2026-strategies-et-outils#webinar\u00a0\u00bb link_option_url_new_window=\u00a0\u00bbon\u00a0\u00bb border_radii=\u00a0\u00bbon|21px|21px|21px|21px\u00a0\u00bb global_colors_info=\u00a0\u00bb{}\u00a0\u00bb]<\/p>\n<p>&nbsp;<\/p>\n<p>&nbsp;<\/p>\n<p>[\/et_pb_cta][et_pb_image src=\u00a0\u00bbhttps:\/\/www.noous.co\/blog\/wp-content\/uploads\/2026\/04\/Logo-Noous.png\u00a0\u00bb title_text=\u00a0\u00bbLogo Noous\u00a0\u00bb _builder_version=\u00a0\u00bb4.27.6&Prime; width=\u00a0\u00bb42%\u00a0\u00bb max_width=\u00a0\u00bb33%\u00a0\u00bb module_alignment=\u00a0\u00bbcenter\u00a0\u00bb min_height=\u00a0\u00bb100px\u00a0\u00bb height=\u00a0\u00bb100px\u00a0\u00bb max_height=\u00a0\u00bb303px\u00a0\u00bb custom_margin=\u00a0\u00bb0px||0px||true|false\u00a0\u00bb animation_style=\u00a0\u00bbfade\u00a0\u00bb global_colors_info=\u00a0\u00bb{}\u00a0\u00bb][\/et_pb_image][et_pb_text _builder_version=\u00a0\u00bb4.16&Prime; custom_margin=\u00a0\u00bb0px||||false|false\u00a0\u00bb animation_style=\u00a0\u00bbfade\u00a0\u00bb global_colors_info=\u00a0\u00bb{}\u00a0\u00bb]<\/p>\n<p style=\"text-align: center;\">Mieux <a href=\"https:\/\/www.noous.co\/?utm_campaign=NOOUSletter&amp;utm_source=hs_email&amp;utm_medium=email&amp;_hsenc=p2ANqtz-81VTYtniugsIQq9Jdb3JZSvOGnG-h0c61ywKxqMVwW_w-robiFvQWBUjlm4IC7qvod8Ij8\">NOOUS<\/a> connaitre<br \/>Parfois, <a href=\"https:\/\/www.noous.co\/blog\/?utm_campaign=NOOUSletter&amp;utm_source=hs_email&amp;utm_medium=email&amp;_hsenc=p2ANqtz-81VTYtniugsIQq9Jdb3JZSvOGnG-h0c61ywKxqMVwW_w-robiFvQWBUjlm4IC7qvod8Ij8\">on \u00e9crit des articles<\/a><br \/>Souvent on partage du contenu sympa (et utile) sur <a href=\"https:\/\/www.linkedin.com\/company\/9495998\/admin\/\">LinkedIn<\/a><\/p>\n<p>[\/et_pb_text][et_pb_divider color=\u00a0\u00bb#b3b3b3&Prime; _builder_version=\u00a0\u00bb4.16&Prime; max_width=\u00a0\u00bb32%\u00a0\u00bb module_alignment=\u00a0\u00bbcenter\u00a0\u00bb custom_margin=\u00a0\u00bb50px|||||\u00a0\u00bb locked=\u00a0\u00bboff\u00a0\u00bb global_colors_info=\u00a0\u00bb{}\u00a0\u00bb][\/et_pb_divider][\/et_pb_column][\/et_pb_row][\/et_pb_section]<\/p>\n","protected":false},"excerpt":{"rendered":"<p>L\u2019intelligence artificielle est aujourd\u2019hui sur toutes les l\u00e8vres. Mais lorsqu\u2019il s\u2019agit de formation, beaucoup d\u2019entreprises s\u2019interrogent encore : s\u2019agit-il d\u2019un effet de mode ou d\u2019un v\u00e9ritable levier de transformation ? Sur le terrain, la r\u00e9ponse est d\u00e9j\u00e0 claire. Sans bouleverser du jour au lendemain les pratiques, l\u2019intelligence artificielle formation s\u2019int\u00e8gre progressivement dans les outils et [&hellip;]<\/p>\n","protected":false},"author":42,"featured_media":18683,"comment_status":"closed","ping_status":"closed","sticky":false,"template":"","format":"standard","meta":{"_et_pb_use_builder":"on","_et_pb_old_content":"","_et_gb_content_width":"","content-type":"","footnotes":""},"categories":[438],"tags":[701,702,703,580,704,268,462,697,708,696,137,707,444,700,706,398,705,699,698],"class_list":["post-18682","post","type-post","status-publish","format-standard","has-post-thumbnail","hentry","category-solutions-digitales","tag-analyse-des-competences","tag-automatisation-rh","tag-creation-de-contenus-pedagogiques","tag-digitalisation-rh","tag-efficacite-formation","tag-formation-professionnelle","tag-gestion-des-competences","tag-ia-formation","tag-innovation-rh","tag-intelligence-artificielle-formation","tag-lms","tag-optimisation-des-ressources-rh","tag-outils-rh","tag-personnalisation-des-parcours","tag-prise-de-decision-rh","tag-reporting-formation","tag-roi-formation","tag-strategie-formation","tag-transformation-digitale-rh"],"yoast_head":"<!-- This site is optimized with the Yoast SEO Premium plugin v26.5 (Yoast SEO v26.5) - https:\/\/yoast.com\/wordpress\/plugins\/seo\/ -->\n<title>Intelligence artificielle formation : usages concrets pour les RH<\/title>\n<meta name=\"description\" content=\"L\u2019intelligence artificielle formation transforme les pratiques RH : pilotage, personnalisation et performance des formations en entreprise.\" \/>\n<meta name=\"robots\" content=\"index, follow, max-snippet:-1, max-image-preview:large, max-video-preview:-1\" \/>\n<link rel=\"canonical\" href=\"https:\/\/www.noous.co\/blog\/solutions-digitales\/intelligence-artificielle-formation-des-usages-concrets-qui-transforment-deja-les-pratiques\/\" \/>\n<meta property=\"og:locale\" content=\"fr_FR\" \/>\n<meta property=\"og:type\" content=\"article\" \/>\n<meta property=\"og:title\" content=\"Intelligence artificielle formation : enjeux et avantages\" \/>\n<meta property=\"og:description\" content=\"Explorez les avantages concrets de l&#039;intelligence artificielle formation pour rendre vos formations plus efficaces.\" \/>\n<meta property=\"og:url\" content=\"https:\/\/www.noous.co\/blog\/solutions-digitales\/intelligence-artificielle-formation-des-usages-concrets-qui-transforment-deja-les-pratiques\/\" \/>\n<meta property=\"og:site_name\" content=\"NOOUS I Le Blog\" \/>\n<meta property=\"article:published_time\" content=\"2026-04-29T09:34:41+00:00\" \/>\n<meta property=\"article:modified_time\" content=\"2026-04-29T10:12:44+00:00\" \/>\n<meta property=\"og:image\" content=\"https:\/\/www.noous.co\/blog\/wp-content\/uploads\/2026\/04\/intelligence-artificielle-formation-scaled.png\" \/>\n\t<meta property=\"og:image:width\" content=\"2560\" \/>\n\t<meta property=\"og:image:height\" content=\"933\" \/>\n\t<meta property=\"og:image:type\" content=\"image\/png\" \/>\n<meta name=\"author\" content=\"Llona Bov\u00e9\" \/>\n<meta name=\"twitter:card\" content=\"summary_large_image\" \/>\n<meta name=\"twitter:title\" content=\"Intelligence artificielle formation : des usages concrets qui transforment d\u00e9j\u00e0 les pratiques\" \/>\n<meta name=\"twitter:label1\" content=\"\u00c9crit par\" \/>\n\t<meta name=\"twitter:data1\" content=\"Llona Bov\u00e9\" \/>\n\t<meta name=\"twitter:label2\" content=\"Dur\u00e9e de lecture estim\u00e9e\" \/>\n\t<meta name=\"twitter:data2\" content=\"5 minutes\" \/>\n<script type=\"application\/ld+json\" class=\"yoast-schema-graph\">{\"@context\":\"https:\/\/schema.org\",\"@graph\":[{\"@type\":\"WebPage\",\"@id\":\"https:\/\/www.noous.co\/blog\/solutions-digitales\/intelligence-artificielle-formation-des-usages-concrets-qui-transforment-deja-les-pratiques\/\",\"url\":\"https:\/\/www.noous.co\/blog\/solutions-digitales\/intelligence-artificielle-formation-des-usages-concrets-qui-transforment-deja-les-pratiques\/\",\"name\":\"Intelligence artificielle formation : usages concrets pour les RH\",\"isPartOf\":{\"@id\":\"https:\/\/www.noous.co\/blog\/#website\"},\"primaryImageOfPage\":{\"@id\":\"https:\/\/www.noous.co\/blog\/solutions-digitales\/intelligence-artificielle-formation-des-usages-concrets-qui-transforment-deja-les-pratiques\/#primaryimage\"},\"image\":{\"@id\":\"https:\/\/www.noous.co\/blog\/solutions-digitales\/intelligence-artificielle-formation-des-usages-concrets-qui-transforment-deja-les-pratiques\/#primaryimage\"},\"thumbnailUrl\":\"https:\/\/www.noous.co\/blog\/wp-content\/uploads\/2026\/04\/intelligence-artificielle-formation-scaled.png\",\"datePublished\":\"2026-04-29T09:34:41+00:00\",\"dateModified\":\"2026-04-29T10:12:44+00:00\",\"author\":{\"@id\":\"https:\/\/www.noous.co\/blog\/#\/schema\/person\/280df89df2886750d9ed0aaa0519c837\"},\"description\":\"L\u2019intelligence artificielle formation transforme les pratiques RH : pilotage, personnalisation et performance des formations en entreprise.\",\"breadcrumb\":{\"@id\":\"https:\/\/www.noous.co\/blog\/solutions-digitales\/intelligence-artificielle-formation-des-usages-concrets-qui-transforment-deja-les-pratiques\/#breadcrumb\"},\"inLanguage\":\"fr-FR\",\"potentialAction\":[{\"@type\":\"ReadAction\",\"target\":[\"https:\/\/www.noous.co\/blog\/solutions-digitales\/intelligence-artificielle-formation-des-usages-concrets-qui-transforment-deja-les-pratiques\/\"]}]},{\"@type\":\"ImageObject\",\"inLanguage\":\"fr-FR\",\"@id\":\"https:\/\/www.noous.co\/blog\/solutions-digitales\/intelligence-artificielle-formation-des-usages-concrets-qui-transforment-deja-les-pratiques\/#primaryimage\",\"url\":\"https:\/\/www.noous.co\/blog\/wp-content\/uploads\/2026\/04\/intelligence-artificielle-formation-scaled.png\",\"contentUrl\":\"https:\/\/www.noous.co\/blog\/wp-content\/uploads\/2026\/04\/intelligence-artificielle-formation-scaled.png\",\"width\":2560,\"height\":933},{\"@type\":\"BreadcrumbList\",\"@id\":\"https:\/\/www.noous.co\/blog\/solutions-digitales\/intelligence-artificielle-formation-des-usages-concrets-qui-transforment-deja-les-pratiques\/#breadcrumb\",\"itemListElement\":[{\"@type\":\"ListItem\",\"position\":1,\"name\":\"Accueil\",\"item\":\"https:\/\/www.noous.co\/blog\/\"},{\"@type\":\"ListItem\",\"position\":2,\"name\":\"Intelligence artificielle formation : des usages concrets qui transforment d\u00e9j\u00e0 les pratiques\"}]},{\"@type\":\"WebSite\",\"@id\":\"https:\/\/www.noous.co\/blog\/#website\",\"url\":\"https:\/\/www.noous.co\/blog\/\",\"name\":\"NOOUS I Le Blog\",\"description\":\"Le blog des richesses humaines\",\"potentialAction\":[{\"@type\":\"SearchAction\",\"target\":{\"@type\":\"EntryPoint\",\"urlTemplate\":\"https:\/\/www.noous.co\/blog\/?s={search_term_string}\"},\"query-input\":{\"@type\":\"PropertyValueSpecification\",\"valueRequired\":true,\"valueName\":\"search_term_string\"}}],\"inLanguage\":\"fr-FR\"},{\"@type\":\"Person\",\"@id\":\"https:\/\/www.noous.co\/blog\/#\/schema\/person\/280df89df2886750d9ed0aaa0519c837\",\"name\":\"Llona Bov\u00e9\"}]}<\/script>\n<!-- \/ Yoast SEO Premium plugin. -->","yoast_head_json":{"title":"Intelligence artificielle formation : usages concrets pour les RH","description":"L\u2019intelligence artificielle formation transforme les pratiques RH : pilotage, personnalisation et performance des formations en entreprise.","robots":{"index":"index","follow":"follow","max-snippet":"max-snippet:-1","max-image-preview":"max-image-preview:large","max-video-preview":"max-video-preview:-1"},"canonical":"https:\/\/www.noous.co\/blog\/solutions-digitales\/intelligence-artificielle-formation-des-usages-concrets-qui-transforment-deja-les-pratiques\/","og_locale":"fr_FR","og_type":"article","og_title":"Intelligence artificielle formation : enjeux et avantages","og_description":"Explorez les avantages concrets de l'intelligence artificielle formation pour rendre vos formations plus efficaces.","og_url":"https:\/\/www.noous.co\/blog\/solutions-digitales\/intelligence-artificielle-formation-des-usages-concrets-qui-transforment-deja-les-pratiques\/","og_site_name":"NOOUS I Le Blog","article_published_time":"2026-04-29T09:34:41+00:00","article_modified_time":"2026-04-29T10:12:44+00:00","og_image":[{"width":2560,"height":933,"url":"https:\/\/www.noous.co\/blog\/wp-content\/uploads\/2026\/04\/intelligence-artificielle-formation-scaled.png","type":"image\/png"}],"author":"Llona Bov\u00e9","twitter_card":"summary_large_image","twitter_title":"Intelligence artificielle formation : des usages concrets qui transforment d\u00e9j\u00e0 les pratiques","twitter_misc":{"\u00c9crit par":"Llona Bov\u00e9","Dur\u00e9e de lecture estim\u00e9e":"5 minutes"},"schema":{"@context":"https:\/\/schema.org","@graph":[{"@type":"WebPage","@id":"https:\/\/www.noous.co\/blog\/solutions-digitales\/intelligence-artificielle-formation-des-usages-concrets-qui-transforment-deja-les-pratiques\/","url":"https:\/\/www.noous.co\/blog\/solutions-digitales\/intelligence-artificielle-formation-des-usages-concrets-qui-transforment-deja-les-pratiques\/","name":"Intelligence artificielle formation : usages concrets pour les RH","isPartOf":{"@id":"https:\/\/www.noous.co\/blog\/#website"},"primaryImageOfPage":{"@id":"https:\/\/www.noous.co\/blog\/solutions-digitales\/intelligence-artificielle-formation-des-usages-concrets-qui-transforment-deja-les-pratiques\/#primaryimage"},"image":{"@id":"https:\/\/www.noous.co\/blog\/solutions-digitales\/intelligence-artificielle-formation-des-usages-concrets-qui-transforment-deja-les-pratiques\/#primaryimage"},"thumbnailUrl":"https:\/\/www.noous.co\/blog\/wp-content\/uploads\/2026\/04\/intelligence-artificielle-formation-scaled.png","datePublished":"2026-04-29T09:34:41+00:00","dateModified":"2026-04-29T10:12:44+00:00","author":{"@id":"https:\/\/www.noous.co\/blog\/#\/schema\/person\/280df89df2886750d9ed0aaa0519c837"},"description":"L\u2019intelligence artificielle formation transforme les pratiques RH : pilotage, personnalisation et performance des formations en entreprise.","breadcrumb":{"@id":"https:\/\/www.noous.co\/blog\/solutions-digitales\/intelligence-artificielle-formation-des-usages-concrets-qui-transforment-deja-les-pratiques\/#breadcrumb"},"inLanguage":"fr-FR","potentialAction":[{"@type":"ReadAction","target":["https:\/\/www.noous.co\/blog\/solutions-digitales\/intelligence-artificielle-formation-des-usages-concrets-qui-transforment-deja-les-pratiques\/"]}]},{"@type":"ImageObject","inLanguage":"fr-FR","@id":"https:\/\/www.noous.co\/blog\/solutions-digitales\/intelligence-artificielle-formation-des-usages-concrets-qui-transforment-deja-les-pratiques\/#primaryimage","url":"https:\/\/www.noous.co\/blog\/wp-content\/uploads\/2026\/04\/intelligence-artificielle-formation-scaled.png","contentUrl":"https:\/\/www.noous.co\/blog\/wp-content\/uploads\/2026\/04\/intelligence-artificielle-formation-scaled.png","width":2560,"height":933},{"@type":"BreadcrumbList","@id":"https:\/\/www.noous.co\/blog\/solutions-digitales\/intelligence-artificielle-formation-des-usages-concrets-qui-transforment-deja-les-pratiques\/#breadcrumb","itemListElement":[{"@type":"ListItem","position":1,"name":"Accueil","item":"https:\/\/www.noous.co\/blog\/"},{"@type":"ListItem","position":2,"name":"Intelligence artificielle formation : des usages concrets qui transforment d\u00e9j\u00e0 les pratiques"}]},{"@type":"WebSite","@id":"https:\/\/www.noous.co\/blog\/#website","url":"https:\/\/www.noous.co\/blog\/","name":"NOOUS I Le Blog","description":"Le blog des richesses humaines","potentialAction":[{"@type":"SearchAction","target":{"@type":"EntryPoint","urlTemplate":"https:\/\/www.noous.co\/blog\/?s={search_term_string}"},"query-input":{"@type":"PropertyValueSpecification","valueRequired":true,"valueName":"search_term_string"}}],"inLanguage":"fr-FR"},{"@type":"Person","@id":"https:\/\/www.noous.co\/blog\/#\/schema\/person\/280df89df2886750d9ed0aaa0519c837","name":"Llona Bov\u00e9"}]}},"_links":{"self":[{"href":"https:\/\/www.noous.co\/blog\/wp-json\/wp\/v2\/posts\/18682","targetHints":{"allow":["GET"]}}],"collection":[{"href":"https:\/\/www.noous.co\/blog\/wp-json\/wp\/v2\/posts"}],"about":[{"href":"https:\/\/www.noous.co\/blog\/wp-json\/wp\/v2\/types\/post"}],"author":[{"embeddable":true,"href":"https:\/\/www.noous.co\/blog\/wp-json\/wp\/v2\/users\/42"}],"replies":[{"embeddable":true,"href":"https:\/\/www.noous.co\/blog\/wp-json\/wp\/v2\/comments?post=18682"}],"version-history":[{"count":36,"href":"https:\/\/www.noous.co\/blog\/wp-json\/wp\/v2\/posts\/18682\/revisions"}],"predecessor-version":[{"id":18747,"href":"https:\/\/www.noous.co\/blog\/wp-json\/wp\/v2\/posts\/18682\/revisions\/18747"}],"wp:featuredmedia":[{"embeddable":true,"href":"https:\/\/www.noous.co\/blog\/wp-json\/wp\/v2\/media\/18683"}],"wp:attachment":[{"href":"https:\/\/www.noous.co\/blog\/wp-json\/wp\/v2\/media?parent=18682"}],"wp:term":[{"taxonomy":"category","embeddable":true,"href":"https:\/\/www.noous.co\/blog\/wp-json\/wp\/v2\/categories?post=18682"},{"taxonomy":"post_tag","embeddable":true,"href":"https:\/\/www.noous.co\/blog\/wp-json\/wp\/v2\/tags?post=18682"}],"curies":[{"name":"wp","href":"https:\/\/api.w.org\/{rel}","templated":true}]}}