{"id":18477,"date":"2026-04-17T16:44:22","date_gmt":"2026-04-17T14:44:22","guid":{"rendered":"https:\/\/www.noous.co\/blog\/?p=18477"},"modified":"2026-04-28T14:56:56","modified_gmt":"2026-04-28T12:56:56","slug":"seminaire-dete-comment-organiser-un-evenement-dentreprise-vraiment-memorable","status":"publish","type":"post","link":"https:\/\/www.noous.co\/blog\/conseil-rh\/seminaire-dete-comment-organiser-un-evenement-dentreprise-vraiment-memorable\/","title":{"rendered":"S\u00e9minaire d\u2019\u00e9t\u00e9 : comment organiser un \u00e9v\u00e9nement d\u2019entreprise vraiment m\u00e9morable ?"},"content":{"rendered":"<p>[et_pb_section fb_built=\u00a0\u00bb1&Prime; _builder_version=\u00a0\u00bb4.27.6&Prime; custom_margin=\u00a0\u00bb-6px||40px||false|false\u00a0\u00bb custom_padding=\u00a0\u00bb0px||0px||false|false\u00a0\u00bb global_colors_info=\u00a0\u00bb{}\u00a0\u00bb][et_pb_row _builder_version=\u00a0\u00bb4.27.6&Prime; background_color=\u00a0\u00bb#ffffff\u00a0\u00bb custom_margin=\u00a0\u00bb0px||0px||false|false\u00a0\u00bb custom_padding=\u00a0\u00bb0px||0px||false|false\u00a0\u00bb global_colors_info=\u00a0\u00bb{}\u00a0\u00bb][et_pb_column type=\u00a0\u00bb4_4&Prime; _builder_version=\u00a0\u00bb4.27.4&Prime; _module_preset=\u00a0\u00bbdefault\u00a0\u00bb global_colors_info=\u00a0\u00bb{}\u00a0\u00bb][et_pb_text _builder_version=\u00a0\u00bb4.27.6&Prime; text_font=\u00a0\u00bbQuicksand|600|||||||\u00a0\u00bb custom_padding=\u00a0\u00bb||0px|||\u00a0\u00bb inline_fonts=\u00a0\u00bbMontserrat\u00a0\u00bb global_colors_info=\u00a0\u00bb{}\u00a0\u00bb]<\/p>\n<p><strong>L\u2019\u00e9t\u00e9 offre un terrain de jeu unique pour rassembler les \u00e9quipes, cr\u00e9er une respiration dans le quotidien et imaginer un moment qui sort vraiment du cadre. Un s\u00e9minaire d\u2019\u00e9t\u00e9 n\u2019est pas un simple rendez-vous professionnel : c\u2019est une exp\u00e9rience \u00e0 vivre, un d\u00e9cor qui inspire, un temps suspendu o\u00f9 les liens se renforcent autrement. Dans cet article, vous verrez comment transformer un\u00a0s\u00e9minaire d\u2019\u00e9t\u00e9 d\u2019entreprise\u00a0en une v\u00e9ritable exp\u00e9rience collective, engageante et m\u00e9morable.<\/strong><\/p>\n<p><span style=\"font-family: Montserrat; font-weight: normal;\"><\/span><\/p>\n<p>[\/et_pb_text][\/et_pb_column][\/et_pb_row][\/et_pb_section][et_pb_section fb_built=\u00a0\u00bb1&Prime; module_id=\u00a0\u00bb1&Prime; _builder_version=\u00a0\u00bb4.27.6&Prime; min_height=\u00a0\u00bb1655.1px\u00a0\u00bb custom_margin=\u00a0\u00bb0px||76px|-5px|false|false\u00a0\u00bb custom_padding=\u00a0\u00bb0px||0px||false|false\u00a0\u00bb global_colors_info=\u00a0\u00bb{}\u00a0\u00bb][et_pb_row _builder_version=\u00a0\u00bb4.16&Prime; custom_margin=\u00a0\u00bb0px|auto|-53px|auto|false|false\u00a0\u00bb custom_padding=\u00a0\u00bb0px||0px||false|false\u00a0\u00bb global_colors_info=\u00a0\u00bb{}\u00a0\u00bb][et_pb_column type=\u00a0\u00bb4_4&Prime; _builder_version=\u00a0\u00bb4.16&Prime; global_colors_info=\u00a0\u00bb{}\u00a0\u00bb][et_pb_divider color=\u00a0\u00bb#B3B3B3&Prime; _builder_version=\u00a0\u00bb4.16&Prime; width=\u00a0\u00bb20%\u00a0\u00bb module_alignment=\u00a0\u00bbleft\u00a0\u00bb custom_margin=\u00a0\u00bb0px||0px||false|false\u00a0\u00bb custom_padding=\u00a0\u00bb0px||0px||false|false\u00a0\u00bb global_colors_info=\u00a0\u00bb{}\u00a0\u00bb][\/et_pb_divider][et_pb_text _builder_version=\u00a0\u00bb4.27.6&Prime; header_2_font=\u00a0\u00bb|600|||||||\u00a0\u00bb header_2_text_color=\u00a0\u00bb#15b4b6&Prime; header_2_font_size=\u00a0\u00bb27px\u00a0\u00bb custom_margin=\u00a0\u00bb0px||20px||false|false\u00a0\u00bb custom_padding=\u00a0\u00bb0px||0px||false|false\u00a0\u00bb global_colors_info=\u00a0\u00bb{}\u00a0\u00bb]<\/p>\n<h2><span style=\"color: #16b2b7;\"><strong>Un s\u00e9minaire d&rsquo;\u00e9t\u00e9 : c&rsquo;est quoi ?\u00a0<\/strong><\/span><\/h2>\n<p>[\/et_pb_text][et_pb_text _builder_version=\u00a0\u00bb4.27.6&Prime; text_font=\u00a0\u00bbQuicksand|600|||||||\u00a0\u00bb width=\u00a0\u00bb100%\u00a0\u00bb custom_margin=\u00a0\u00bb||14px|3px|false|false\u00a0\u00bb custom_padding=\u00a0\u00bb||0px|||\u00a0\u00bb inline_fonts=\u00a0\u00bbMontserrat\u00a0\u00bb global_colors_info=\u00a0\u00bb{}\u00a0\u00bb]<\/p>\n<p><strong>Un s\u00e9minaire d\u2019\u00e9t\u00e9, ce n\u2019est pas une salle de r\u00e9union d\u00e9plac\u00e9e ailleurs. C\u2019est un changement de rythme, un d\u00e9cor qui inspire, une ambiance qui ouvre les conversations.<\/strong><\/p>\n<p>Mer, montagne, nature, rooftop, lieux inattendus\u2026 Le cadre n\u2019est pas un simple d\u00e9cor : il devient un d\u00e9clencheur d\u2019\u00e9nergie collective. <strong>C\u2019est l\u00e0 que la magie op\u00e8re : quand l\u2019environnement transforme les interactions et renforce les liens.<\/strong><\/p>\n<p>Un s\u00e9minaire d\u2019\u00e9t\u00e9, c\u2019est finalement <strong>l\u2019occasion de red\u00e9couvrir son \u00e9quipe autrement<\/strong>, dans un contexte o\u00f9 chacun s\u2019exprime et se connecte diff\u00e9remment. Une exp\u00e9rience qui d\u00e9passe le simple \u201c\u00e9v\u00e9nement\u201d pour devenir <strong>un moment fort de la vie collective<\/strong>.<\/p>\n<p>&nbsp;<\/p>\n<p>[\/et_pb_text][et_pb_image src=\u00a0\u00bbhttps:\/\/www.noous.co\/blog\/wp-content\/uploads\/2026\/04\/1-scaled.png\u00a0\u00bb title_text=\u00a0\u00bb1&Prime; _builder_version=\u00a0\u00bb4.27.6&Prime; _module_preset=\u00a0\u00bbdefault\u00a0\u00bb global_colors_info=\u00a0\u00bb{}\u00a0\u00bb][\/et_pb_image][\/et_pb_column][\/et_pb_row][et_pb_row _builder_version=\u00a0\u00bb4.27.6&Prime; _module_preset=\u00a0\u00bbdefault\u00a0\u00bb custom_margin=\u00a0\u00bb0px|auto||auto|false|false\u00a0\u00bb global_colors_info=\u00a0\u00bb{}\u00a0\u00bb][et_pb_column type=\u00a0\u00bb4_4&Prime; _builder_version=\u00a0\u00bb4.27.6&Prime; _module_preset=\u00a0\u00bbdefault\u00a0\u00bb global_colors_info=\u00a0\u00bb{}\u00a0\u00bb][et_pb_divider color=\u00a0\u00bb#B3B3B3&Prime; _builder_version=\u00a0\u00bb4.16&Prime; width=\u00a0\u00bb20%\u00a0\u00bb module_alignment=\u00a0\u00bbleft\u00a0\u00bb custom_margin=\u00a0\u00bb0px||0px||false|false\u00a0\u00bb custom_padding=\u00a0\u00bb0px||0px||false|false\u00a0\u00bb global_colors_info=\u00a0\u00bb{}\u00a0\u00bb][\/et_pb_divider][et_pb_text _builder_version=\u00a0\u00bb4.27.6&Prime; header_2_font=\u00a0\u00bb|600|||||||\u00a0\u00bb header_2_text_color=\u00a0\u00bb#15b4b6&Prime; header_2_font_size=\u00a0\u00bb27px\u00a0\u00bb custom_margin=\u00a0\u00bb0px||-3px||false|false\u00a0\u00bb custom_padding=\u00a0\u00bb0px||0px||false|false\u00a0\u00bb global_colors_info=\u00a0\u00bb{}\u00a0\u00bb]<\/p>\n<h2><span style=\"color: #16b2b7;\"><strong>Comment organiser un s\u00e9minaire d\u2019\u00e9t\u00e9 d&rsquo;entreprise efficace ?<\/strong><\/span><\/h2>\n<p>[\/et_pb_text][et_pb_text _builder_version=\u00a0\u00bb4.27.6&Prime; _module_preset=\u00a0\u00bbdefault\u00a0\u00bb custom_padding=\u00a0\u00bb||0px|||\u00a0\u00bb inline_fonts=\u00a0\u00bbABeeZee\u00a0\u00bb global_colors_info=\u00a0\u00bb{}\u00a0\u00bb]<\/p>\n<p>Un\u00a0s\u00e9minaire d\u2019\u00e9t\u00e9 d\u2019entreprise\u00a0r\u00e9ussi repose sur une <strong>construction claire.<\/strong> <strong>Tout commence par l\u2019intention : renforcer la coh\u00e9sion, accompagner un changement, lancer un projet ou cr\u00e9er un moment f\u00e9d\u00e9rateur.<\/strong><\/p>\n<p>Pour structurer efficacement votre\u00a0s\u00e9minaire d\u2019entreprise en \u00e9t\u00e9, plusieurs \u00e9tapes cl\u00e9s permettent de construire une exp\u00e9rience coh\u00e9rente et impactante.<\/p>\n<p>[\/et_pb_text][et_pb_text _builder_version=\u00a0\u00bb4.27.6&Prime; _module_preset=\u00a0\u00bbdefault\u00a0\u00bb custom_padding=\u00a0\u00bb0px|||||\u00a0\u00bb global_colors_info=\u00a0\u00bb{}\u00a0\u00bb]<\/p>\n<h3><strong>1)<\/strong><strong>\u00a0<\/strong><strong>D\u00e9finir l\u2019objectif du s\u00e9minaire<\/strong><\/h3>\n<p>Avant toute chose, il est essentiel de savoir <strong>pourquoi vous organisez ce\u00a0s\u00e9minaire d\u2019\u00e9t\u00e9\u00a0?<\/strong> Cet objectif va orienter chaque d\u00e9cision et donner du sens \u00e0 l\u2019\u00e9v\u00e9nement.<\/p>\n<p><strong>Quelques objectifs fr\u00e9quents<\/strong> :<\/p>\n<ul>\n<li>renforcer la coh\u00e9sion,<\/li>\n<li>accompagner un changement,<\/li>\n<li>lancer un projet,<\/li>\n<li>c\u00e9l\u00e9brer une r\u00e9ussite,<\/li>\n<li>reconnecter les \u00e9quipes apr\u00e8s une p\u00e9riode intense.<\/li>\n<\/ul>\n<p>[\/et_pb_text][et_pb_text _builder_version=\u00a0\u00bb4.27.6&Prime; _module_preset=\u00a0\u00bbdefault\u00a0\u00bb custom_padding=\u00a0\u00bb||17px|||\u00a0\u00bb global_colors_info=\u00a0\u00bb{}\u00a0\u00bb]<\/p>\n<h3><strong>2) <\/strong><strong>Choisir un lieu qui fait la diff\u00e9rence<\/strong><\/h3>\n<p><strong>Le lieu est un levier cl\u00e9 dans l\u2019organisation d\u2019un s\u00e9minaire d\u2019entreprise. <\/strong>Il doit <strong>cr\u00e9er une rupture avec le quotidien et proposer un cadre inspirant.<\/strong><\/p>\n<p><strong>Un bon lieu de s\u00e9minaire d\u2019\u00e9t\u00e9 doit<\/strong> :<\/p>\n<ul>\n<li>inspirer,<\/li>\n<li>offrir des espaces vari\u00e9s,<\/li>\n<li>faciliter les moments informels,<\/li>\n<li>permettre des activit\u00e9s en ext\u00e9rieur,<\/li>\n<li>\u00eatre accessible sans complexit\u00e9 logistique.<\/li>\n<\/ul>\n<p>[\/et_pb_text][et_pb_text _builder_version=\u00a0\u00bb4.27.6&Prime; _module_preset=\u00a0\u00bbdefault\u00a0\u00bb global_colors_info=\u00a0\u00bb{}\u00a0\u00bb]<\/p>\n<h3><strong>3) <\/strong><strong>Construire un programme \u00e9quilibr\u00e9<\/strong><\/h3>\n<p><strong>Un s\u00e9minaire d\u2019\u00e9t\u00e9 r\u00e9ussi repose sur un rythme juste entre :<\/strong><\/p>\n<ul>\n<li>temps de travail pour aligner les \u00e9quipes,<\/li>\n<li>activit\u00e9s collectives pour cr\u00e9er du lien,<\/li>\n<li>moments informels pour laisser la spontan\u00e9it\u00e9 op\u00e9rer.<\/li>\n<\/ul>\n<p>[\/et_pb_text][et_pb_text _builder_version=\u00a0\u00bb4.27.6&Prime; _module_preset=\u00a0\u00bbdefault\u00a0\u00bb global_colors_info=\u00a0\u00bb{}\u00a0\u00bb]<\/p>\n<h3><strong>4) <\/strong><strong>Ma\u00eetriser la logistique<\/strong><\/h3>\n<p>Transport, h\u00e9bergement, restauration, timing\u2026 chaque d\u00e9tail compte pour garantir une exp\u00e9rience fluide et r\u00e9ussie.<\/p>\n<p><strong>Une logistique ma\u00eetris\u00e9e permet :<\/strong><\/p>\n<ul>\n<li>de r\u00e9duire la charge mentale des organisateurs,<\/li>\n<li>d\u2019\u00e9viter les impr\u00e9vus,<\/li>\n<li>de laisser les \u00e9quipes profiter pleinement du moment.<\/li>\n<\/ul>\n<p>[\/et_pb_text][et_pb_image src=\u00a0\u00bbhttps:\/\/www.noous.co\/blog\/wp-content\/uploads\/2026\/04\/2-scaled.png\u00a0\u00bb title_text=\u00a0\u00bb2&Prime; _builder_version=\u00a0\u00bb4.27.6&Prime; _module_preset=\u00a0\u00bbdefault\u00a0\u00bb global_colors_info=\u00a0\u00bb{}\u00a0\u00bb][\/et_pb_image][et_pb_divider color=\u00a0\u00bb#B3B3B3&Prime; _builder_version=\u00a0\u00bb4.16&Prime; width=\u00a0\u00bb20%\u00a0\u00bb module_alignment=\u00a0\u00bbleft\u00a0\u00bb custom_margin=\u00a0\u00bb0px||0px||false|false\u00a0\u00bb custom_padding=\u00a0\u00bb0px||0px||false|false\u00a0\u00bb global_colors_info=\u00a0\u00bb{}\u00a0\u00bb][\/et_pb_divider][et_pb_text _builder_version=\u00a0\u00bb4.27.6&Prime; header_2_font=\u00a0\u00bb|600|||||||\u00a0\u00bb header_2_text_color=\u00a0\u00bb#15b4b6&Prime; header_2_font_size=\u00a0\u00bb27px\u00a0\u00bb custom_margin=\u00a0\u00bb-28px||-3px||false|false\u00a0\u00bb custom_padding=\u00a0\u00bb0px||0px||false|false\u00a0\u00bb global_colors_info=\u00a0\u00bb{}\u00a0\u00bb]<\/p>\n<h2><span style=\"color: #16b2b7;\"><strong><\/strong><\/span><\/h2>\n<h2><span style=\"color: #16b2b7;\"><strong><\/strong><\/span><\/h2>\n<h2><span style=\"color: #16b2b7;\"><strong><\/strong><\/span><\/h2>\n<h2><span style=\"color: #16b2b7;\"><strong>S\u00e9minaire d&rsquo;\u00e9t\u00e9 : pourquoi externaliser ?<\/strong><\/span><\/h2>\n<p>[\/et_pb_text][et_pb_text _builder_version=\u00a0\u00bb4.27.6&Prime; _module_preset=\u00a0\u00bbdefault\u00a0\u00bb global_colors_info=\u00a0\u00bb{}\u00a0\u00bb]<\/p>\n<p><span style=\"font-family: inherit;\">Organiser un\u00a0s\u00e9minaire d\u2019\u00e9t\u00e9 d\u2019entreprise\u00a0demande du temps et une coordination exigeante. <strong>Externaliser\u00a0<\/strong><a href=\"https:\/\/www.noous.co\/blog\/formation-professionnelle\/event-rh\/\"><strong>l\u2019<\/strong><strong>organisation de son \u00e9v\u00e9nement RH<\/strong><\/a><strong>\u00a0permet de prendre du recul et de s\u2019appuyer sur un regard expert pour concevoir une exp\u00e9rience plus impactantee.<\/strong><\/span><\/p>\n<p><span style=\"font-family: inherit;\">C\u2019est l\u2019opportunit\u00e9 de b\u00e9n\u00e9ficier d\u2019id\u00e9es nouvelles, de formats plus cr\u00e9atifs et d\u2019une gestion globale ma\u00eetris\u00e9e, du choix du lieu \u00e0 la logistique. Mais surtout, cela permet de <strong>ne plus subir l\u2019organisation et de vivre pleinement le\u00a0s\u00e9minaire d\u2019entreprise en \u00e9t\u00e9\u00a0avec ses \u00e9quipes.<\/strong><\/span><\/p>\n<p>[\/et_pb_text][et_pb_cta title=\u00a0\u00bbVous souhaitez concevoir un s\u00e9minaire d\u2019\u00e9t\u00e9 d&rsquo;entreprise sur mesure ?\u00a0\u00bb button_url=\u00a0\u00bbhttps:\/\/www.noous.co\/evenement-rh\/\u00a0\u00bb button_text=\u00a0\u00bbContactez-nous\u00a0\u00bb _builder_version=\u00a0\u00bb4.27.6&Prime; _module_preset=\u00a0\u00bbdefault\u00a0\u00bb header_level=\u00a0\u00bbh4&Prime; header_text_align=\u00a0\u00bbcenter\u00a0\u00bb header_text_color=\u00a0\u00bb#FFFFFF\u00a0\u00bb background_color=\u00a0\u00bb#15b4b6&Prime; use_background_color_gradient=\u00a0\u00bbon\u00a0\u00bb background_color_gradient_stops=\u00a0\u00bb#16b2b7 0%|#29c4a9 100%\u00a0\u00bb background_image=\u00a0\u00bbhttps:\/\/www.noous.co\/blog\/wp-content\/uploads\/2025\/10\/CAT-expertise-blog-500-x-350-px-1.png\u00a0\u00bb custom_button=\u00a0\u00bbon\u00a0\u00bb button_text_size=\u00a0\u00bb17px\u00a0\u00bb button_text_color=\u00a0\u00bb#000000&Prime; button_bg_color=\u00a0\u00bb#FFFFFF\u00a0\u00bb button_border_width=\u00a0\u00bb0px\u00a0\u00bb button_border_color=\u00a0\u00bbRGBA(255,255,255,0)\u00a0\u00bb custom_margin=\u00a0\u00bb13px|||||\u00a0\u00bb link_option_url=\u00a0\u00bbhttps:\/\/www.noous.co\/evenement-rh\/\u00a0\u00bb border_radii=\u00a0\u00bbon|21px|21px|21px|21px\u00a0\u00bb global_colors_info=\u00a0\u00bb{}\u00a0\u00bb][\/et_pb_cta][\/et_pb_column][\/et_pb_row][et_pb_row _builder_version=\u00a0\u00bb4.27.6&Prime; _module_preset=\u00a0\u00bbdefault\u00a0\u00bb min_height=\u00a0\u00bb100px\u00a0\u00bb custom_margin=\u00a0\u00bb76px|auto|3px|auto|false|false\u00a0\u00bb custom_padding=\u00a0\u00bb12px||10px|||\u00a0\u00bb global_colors_info=\u00a0\u00bb{}\u00a0\u00bb][et_pb_column type=\u00a0\u00bb4_4&Prime; _builder_version=\u00a0\u00bb4.27.4&Prime; _module_preset=\u00a0\u00bbdefault\u00a0\u00bb global_colors_info=\u00a0\u00bb{}\u00a0\u00bb][et_pb_divider color=\u00a0\u00bb#B3B3B3&Prime; _builder_version=\u00a0\u00bb4.16&Prime; width=\u00a0\u00bb20%\u00a0\u00bb module_alignment=\u00a0\u00bbleft\u00a0\u00bb custom_margin=\u00a0\u00bb0px||0px||false|false\u00a0\u00bb custom_padding=\u00a0\u00bb0px||0px||false|false\u00a0\u00bb global_colors_info=\u00a0\u00bb{}\u00a0\u00bb][\/et_pb_divider][et_pb_text _builder_version=\u00a0\u00bb4.27.6&Prime; header_2_font=\u00a0\u00bb|600|||||||\u00a0\u00bb header_2_text_color=\u00a0\u00bb#15b4b6&Prime; header_2_font_size=\u00a0\u00bb27px\u00a0\u00bb custom_margin=\u00a0\u00bb0px||-3px||false|false\u00a0\u00bb custom_padding=\u00a0\u00bb0px||0px||false|false\u00a0\u00bb global_colors_info=\u00a0\u00bb{}\u00a0\u00bb]<\/p>\n<h2><span style=\"color: #16b2b7;\"><strong>Un \u00e9v\u00e9nement, oui\u2026 mais orchestr\u00e9 de A \u00e0 Z<\/strong><\/span><\/h2>\n<p>[\/et_pb_text][et_pb_text _builder_version=\u00a0\u00bb4.27.6&Prime; text_font=\u00a0\u00bbQuicksand|600|||||||\u00a0\u00bb custom_margin=\u00a0\u00bb||10px|||\u00a0\u00bb custom_padding=\u00a0\u00bb||0px|||\u00a0\u00bb inline_fonts=\u00a0\u00bbMontserrat\u00a0\u00bb global_colors_info=\u00a0\u00bb{}\u00a0\u00bb]<\/p>\n<p><span style=\"font-family: inherit; font-weight: normal;\">Derri\u00e8re chaque s\u00e9minaire d\u2019\u00e9t\u00e9 d\u2019entreprise r\u00e9ussi, il y a un \u00e9quilibre pr\u00e9cis. <strong>Chez Noous, nous imaginons chaque\u00a0\u00e9v\u00e9nement comme une cr\u00e9ation sur mesure<\/strong> : un lieu qui raconte quelque chose, des activit\u00e9s qui cassent les codes, une logistique fluide et une ambiance qui relie l\u2019ensemble des participants.<\/span><\/p>\n<p><span style=\"font-family: inherit; font-weight: normal;\"><strong>Rien n\u2019est laiss\u00e9 au hasard. Tout est pens\u00e9 pour que vous n\u2019ayez qu\u2019une seule chose \u00e0 faire : vivre le moment avec vos \u00e9quipes.<\/strong><\/span><\/p>\n<p><span style=\"font-family: Montserrat; font-weight: normal;\"><\/span><\/p>\n<p>[\/et_pb_text][et_pb_image src=\u00a0\u00bbhttps:\/\/www.noous.co\/blog\/wp-content\/uploads\/2026\/04\/WhatsApp-Image-2025-09-09-a-15.53.09_b714497c.jpg\u00a0\u00bb title_text=\u00a0\u00bbWhatsApp Image 2025-09-09 \u00e0 15.53.09_b714497c\u00a0\u00bb _builder_version=\u00a0\u00bb4.27.6&Prime; _module_preset=\u00a0\u00bbdefault\u00a0\u00bb global_colors_info=\u00a0\u00bb{}\u00a0\u00bb][\/et_pb_image][\/et_pb_column][\/et_pb_row][et_pb_row _builder_version=\u00a0\u00bb4.27.6&Prime; _module_preset=\u00a0\u00bbdefault\u00a0\u00bb custom_margin=\u00a0\u00bb0px|auto||auto|false|false\u00a0\u00bb global_colors_info=\u00a0\u00bb{}\u00a0\u00bb][et_pb_column type=\u00a0\u00bb4_4&Prime; _builder_version=\u00a0\u00bb4.27.6&Prime; _module_preset=\u00a0\u00bbdefault\u00a0\u00bb global_colors_info=\u00a0\u00bb{}\u00a0\u00bb][et_pb_divider color=\u00a0\u00bb#B3B3B3&Prime; _builder_version=\u00a0\u00bb4.16&Prime; width=\u00a0\u00bb20%\u00a0\u00bb module_alignment=\u00a0\u00bbleft\u00a0\u00bb custom_margin=\u00a0\u00bb0px||0px||false|false\u00a0\u00bb custom_padding=\u00a0\u00bb0px||0px||false|false\u00a0\u00bb global_colors_info=\u00a0\u00bb{}\u00a0\u00bb][\/et_pb_divider][et_pb_text _builder_version=\u00a0\u00bb4.27.6&Prime; header_2_font=\u00a0\u00bb|600|||||||\u00a0\u00bb header_2_text_color=\u00a0\u00bb#15b4b6&Prime; header_2_font_size=\u00a0\u00bb27px\u00a0\u00bb custom_margin=\u00a0\u00bb0px||-3px||false|false\u00a0\u00bb custom_padding=\u00a0\u00bb0px||0px||false|false\u00a0\u00bb global_colors_info=\u00a0\u00bb{}\u00a0\u00bb]<\/p>\n<h3><strong>Un bon s\u00e9minaire ne s\u2019oublie pas !<\/strong><\/h3>\n<p>[\/et_pb_text][et_pb_text _builder_version=\u00a0\u00bb4.27.6&Prime; _module_preset=\u00a0\u00bbdefault\u00a0\u00bb inline_fonts=\u00a0\u00bbABeeZee\u00a0\u00bb global_colors_info=\u00a0\u00bb{}\u00a0\u00bb]<\/p>\n<p>L\u2019objectif n\u2019est pas simplement d\u2019organiser un <strong>s\u00e9minaire d\u2019\u00e9t\u00e9 entreprise<\/strong>, mais de marquer les esprits. Un bon s\u00e9minaire continue de vivre apr\u00e8s, dans les conversations, dans les souvenirs et dans l\u2019\u00e9nergie collective.<\/p>\n<p>Cet \u00e9t\u00e9, ne faites pas \u201cun \u00e9v\u00e9nement de plus\u201d. Faites un moment qui compte vraiment.<\/p>\n<p>[\/et_pb_text][\/et_pb_column][\/et_pb_row][et_pb_row _builder_version=\u00a0\u00bb4.27.5&Prime; _module_preset=\u00a0\u00bbdefault\u00a0\u00bb custom_margin=\u00a0\u00bb-42px|auto|-48px|auto||\u00a0\u00bb custom_padding=\u00a0\u00bb||0px|||\u00a0\u00bb global_colors_info=\u00a0\u00bb{}\u00a0\u00bb][et_pb_column type=\u00a0\u00bb4_4&Prime; _builder_version=\u00a0\u00bb4.27.4&Prime; _module_preset=\u00a0\u00bbdefault\u00a0\u00bb global_colors_info=\u00a0\u00bb{}\u00a0\u00bb][et_pb_cta title=\u00a0\u00bbD\u00e9couvrez votre format d\u2019\u00e9v\u00e9nement id\u00e9al\u00a0\u00bb button_url=\u00a0\u00bbhttps:\/\/www.noous.co\/blog\/quel-evenement-rh-choisir-pour-votre-entreprise\/\u00a0\u00bb button_text=\u00a0\u00bbFaire le test\u00a0\u00bb _builder_version=\u00a0\u00bb4.27.6&Prime; _module_preset=\u00a0\u00bbdefault\u00a0\u00bb header_text_align=\u00a0\u00bbcenter\u00a0\u00bb header_text_color=\u00a0\u00bb#0c7677&Prime; background_color=\u00a0\u00bb#15b4b6&Prime; use_background_color_gradient=\u00a0\u00bbon\u00a0\u00bb background_color_gradient_stops=\u00a0\u00bb#16b2b7 0%|#29c4a9 100%\u00a0\u00bb background_image=\u00a0\u00bbhttps:\/\/www.noous.co\/blog\/wp-content\/uploads\/2026\/03\/CAT-event-1.png\u00a0\u00bb custom_button=\u00a0\u00bbon\u00a0\u00bb button_text_size=\u00a0\u00bb18px\u00a0\u00bb button_text_color=\u00a0\u00bb#16B2B7&Prime; button_bg_color=\u00a0\u00bb#FFFFFF\u00a0\u00bb button_border_width=\u00a0\u00bb0px\u00a0\u00bb button_border_color=\u00a0\u00bbRGBA(255,255,255,0)\u00a0\u00bb button_border_radius=\u00a0\u00bb0px\u00a0\u00bb button_letter_spacing=\u00a0\u00bb0px\u00a0\u00bb button_font=\u00a0\u00bb|||on|||||\u00a0\u00bb custom_margin=\u00a0\u00bb13px|||||\u00a0\u00bb link_option_url_new_window=\u00a0\u00bbon\u00a0\u00bb header_text_shadow_style=\u00a0\u00bbpreset1&Prime; header_text_shadow_horizontal_length=\u00a0\u00bb0.04em\u00a0\u00bb header_text_shadow_vertical_length=\u00a0\u00bb0em\u00a0\u00bb border_radii=\u00a0\u00bbon|21px|21px|21px|21px\u00a0\u00bb text_shadow_style=\u00a0\u00bbpreset2&Prime; global_colors_info=\u00a0\u00bb{}\u00a0\u00bb][\/et_pb_cta][\/et_pb_column][\/et_pb_row][et_pb_row _builder_version=\u00a0\u00bb4.27.6&Prime; _module_preset=\u00a0\u00bbdefault\u00a0\u00bb min_height=\u00a0\u00bb100px\u00a0\u00bb custom_padding=\u00a0\u00bb||0px|||\u00a0\u00bb global_colors_info=\u00a0\u00bb{}\u00a0\u00bb][et_pb_column type=\u00a0\u00bb4_4&Prime; _builder_version=\u00a0\u00bb4.27.5&Prime; _module_preset=\u00a0\u00bbdefault\u00a0\u00bb global_colors_info=\u00a0\u00bb{}\u00a0\u00bb][et_pb_divider color=\u00a0\u00bb#565656&Prime; _builder_version=\u00a0\u00bb4.27.6&Prime; width=\u00a0\u00bb50%\u00a0\u00bb module_alignment=\u00a0\u00bbcenter\u00a0\u00bb custom_margin=\u00a0\u00bb0px||0px||false|false\u00a0\u00bb custom_padding=\u00a0\u00bb0px||0px||false|false\u00a0\u00bb global_colors_info=\u00a0\u00bb{}\u00a0\u00bb][\/et_pb_divider][et_pb_text _builder_version=\u00a0\u00bb4.27.6&Prime; _module_preset=\u00a0\u00bbdefault\u00a0\u00bb global_colors_info=\u00a0\u00bb{}\u00a0\u00bb]<\/p>\n<h4 data-section-id=\"1074o0x\" data-start=\"56\" data-end=\"93\" style=\"text-align: center;\"><span style=\"color: #000000;\">Et maintenant ?<\/span><\/h4>\n<p data-start=\"777\" data-end=\"871\" style=\"text-align: center;\"><span style=\"color: #000000;\"><em>Et si vous preniez quelques minutes pour identifier le format r\u00e9ellement adapt\u00e9 \u00e0 vos enjeux ?<\/em><\/span><\/p>\n<p data-start=\"873\" data-end=\"984\" style=\"text-align: center;\"><span style=\"color: #000000;\"><em>\ud83d\udc49 D\u00e9couvrez d\u00e8s maintenant <strong data-start=\"901\" data-end=\"955\">quel \u00e9v\u00e9nement est le plus adapt\u00e9 \u00e0 votre objectif<\/strong> gr\u00e2ce \u00e0 notre questionnaire.<\/em><\/span><\/p>\n<p>[\/et_pb_text][et_pb_divider color=\u00a0\u00bb#565656&Prime; _builder_version=\u00a0\u00bb4.27.6&Prime; width=\u00a0\u00bb50%\u00a0\u00bb module_alignment=\u00a0\u00bbcenter\u00a0\u00bb custom_margin=\u00a0\u00bb0px||0px||false|false\u00a0\u00bb custom_padding=\u00a0\u00bb0px||0px||false|false\u00a0\u00bb global_colors_info=\u00a0\u00bb{}\u00a0\u00bb][\/et_pb_divider][\/et_pb_column][\/et_pb_row][\/et_pb_section]<\/p>\n","protected":false},"excerpt":{"rendered":"<p>L\u2019\u00e9t\u00e9 offre un terrain de jeu unique pour rassembler les \u00e9quipes, cr\u00e9er une respiration dans le quotidien et imaginer un moment qui sort vraiment du cadre. Un s\u00e9minaire d\u2019\u00e9t\u00e9 n\u2019est pas un simple rendez-vous professionnel : c\u2019est une exp\u00e9rience \u00e0 vivre, un d\u00e9cor qui inspire, un temps suspendu o\u00f9 les liens se renforcent autrement. Dans [&hellip;]<\/p>\n","protected":false},"author":42,"featured_media":18478,"comment_status":"closed","ping_status":"closed","sticky":false,"template":"","format":"standard","meta":{"_et_pb_use_builder":"on","_et_pb_old_content":"","_et_gb_content_width":"","content-type":"","footnotes":""},"categories":[329],"tags":[675,672,666,674,671,673,669,665,664,668,670,667],"class_list":["post-18477","post","type-post","status-publish","format-standard","has-post-thumbnail","hentry","category-conseil-rh","tag-agence-evenement-rh-entreprise","tag-comment-organiser-un-seminaire-dete-entreprise","tag-evenement-rh-entreprise","tag-externaliser-evenement-rh-entreprise","tag-idees-seminaire-entreprise-ete","tag-lieu-seminaire-entreprise-ete","tag-organisation-evenement-rh","tag-organisation-seminaire-entreprise","tag-seminaire-dentreprise-en-ete","tag-seminaire-entreprise-original","tag-seminaire-sur-mesure-entreprise","tag-seminaire-team-building-ete"],"yoast_head":"<!-- This site is optimized with the Yoast SEO Premium plugin v26.5 (Yoast SEO v26.5) - https:\/\/yoast.com\/wordpress\/plugins\/seo\/ -->\n<title>S\u00e9minaire d\u2019\u00e9t\u00e9 d&#039;entreprise : Moment de coh\u00e9sion<\/title>\n<meta name=\"description\" content=\"Rendez votre s\u00e9minaire d\u2019\u00e9t\u00e9 d&#039;entreprise exceptionnel. D\u00e9couvrez les cl\u00e9s pour une exp\u00e9rience collective unique et engageante.\" \/>\n<meta name=\"robots\" content=\"index, follow, max-snippet:-1, max-image-preview:large, max-video-preview:-1\" \/>\n<link rel=\"canonical\" href=\"https:\/\/www.noous.co\/blog\/conseil-rh\/seminaire-dete-comment-organiser-un-evenement-dentreprise-vraiment-memorable\/\" \/>\n<meta property=\"og:locale\" content=\"fr_FR\" \/>\n<meta property=\"og:type\" content=\"article\" \/>\n<meta property=\"og:title\" content=\"S\u00e9minaire d\u2019\u00e9t\u00e9 : comment organiser un \u00e9v\u00e9nement d\u2019entreprise vraiment m\u00e9morable ?\" \/>\n<meta property=\"og:description\" content=\"Rendez votre s\u00e9minaire d\u2019\u00e9t\u00e9 d&#039;entreprise exceptionnel. D\u00e9couvrez les cl\u00e9s pour une exp\u00e9rience collective unique et engageante.\" \/>\n<meta property=\"og:url\" content=\"https:\/\/www.noous.co\/blog\/conseil-rh\/seminaire-dete-comment-organiser-un-evenement-dentreprise-vraiment-memorable\/\" \/>\n<meta property=\"og:site_name\" content=\"NOOUS I Le Blog\" \/>\n<meta property=\"article:published_time\" content=\"2026-04-17T14:44:22+00:00\" \/>\n<meta property=\"article:modified_time\" content=\"2026-04-28T12:56:56+00:00\" \/>\n<meta property=\"og:image\" content=\"https:\/\/www.noous.co\/blog\/wp-content\/uploads\/2026\/04\/Seminaire-dete-entreprise-1-1024x373.png\" \/>\n\t<meta property=\"og:image:width\" content=\"1024\" \/>\n\t<meta property=\"og:image:height\" content=\"373\" \/>\n\t<meta property=\"og:image:type\" content=\"image\/png\" \/>\n<meta name=\"author\" content=\"Llona Bov\u00e9\" \/>\n<meta name=\"twitter:card\" content=\"summary_large_image\" \/>\n<meta name=\"twitter:label1\" content=\"\u00c9crit par\" \/>\n\t<meta name=\"twitter:data1\" content=\"Llona Bov\u00e9\" \/>\n\t<meta name=\"twitter:label2\" content=\"Dur\u00e9e de lecture estim\u00e9e\" \/>\n\t<meta name=\"twitter:data2\" content=\"5 minutes\" \/>\n<script type=\"application\/ld+json\" class=\"yoast-schema-graph\">{\"@context\":\"https:\/\/schema.org\",\"@graph\":[{\"@type\":\"WebPage\",\"@id\":\"https:\/\/www.noous.co\/blog\/conseil-rh\/seminaire-dete-comment-organiser-un-evenement-dentreprise-vraiment-memorable\/\",\"url\":\"https:\/\/www.noous.co\/blog\/conseil-rh\/seminaire-dete-comment-organiser-un-evenement-dentreprise-vraiment-memorable\/\",\"name\":\"S\u00e9minaire d\u2019\u00e9t\u00e9 d'entreprise : Moment de coh\u00e9sion\",\"isPartOf\":{\"@id\":\"https:\/\/www.noous.co\/blog\/#website\"},\"primaryImageOfPage\":{\"@id\":\"https:\/\/www.noous.co\/blog\/conseil-rh\/seminaire-dete-comment-organiser-un-evenement-dentreprise-vraiment-memorable\/#primaryimage\"},\"image\":{\"@id\":\"https:\/\/www.noous.co\/blog\/conseil-rh\/seminaire-dete-comment-organiser-un-evenement-dentreprise-vraiment-memorable\/#primaryimage\"},\"thumbnailUrl\":\"https:\/\/www.noous.co\/blog\/wp-content\/uploads\/2026\/04\/Seminaire-dete-entreprise-1-scaled.png\",\"datePublished\":\"2026-04-17T14:44:22+00:00\",\"dateModified\":\"2026-04-28T12:56:56+00:00\",\"author\":{\"@id\":\"https:\/\/www.noous.co\/blog\/#\/schema\/person\/280df89df2886750d9ed0aaa0519c837\"},\"description\":\"Rendez votre s\u00e9minaire d\u2019\u00e9t\u00e9 d'entreprise exceptionnel. D\u00e9couvrez les cl\u00e9s pour une exp\u00e9rience collective unique et engageante.\",\"breadcrumb\":{\"@id\":\"https:\/\/www.noous.co\/blog\/conseil-rh\/seminaire-dete-comment-organiser-un-evenement-dentreprise-vraiment-memorable\/#breadcrumb\"},\"inLanguage\":\"fr-FR\",\"potentialAction\":[{\"@type\":\"ReadAction\",\"target\":[\"https:\/\/www.noous.co\/blog\/conseil-rh\/seminaire-dete-comment-organiser-un-evenement-dentreprise-vraiment-memorable\/\"]}]},{\"@type\":\"ImageObject\",\"inLanguage\":\"fr-FR\",\"@id\":\"https:\/\/www.noous.co\/blog\/conseil-rh\/seminaire-dete-comment-organiser-un-evenement-dentreprise-vraiment-memorable\/#primaryimage\",\"url\":\"https:\/\/www.noous.co\/blog\/wp-content\/uploads\/2026\/04\/Seminaire-dete-entreprise-1-scaled.png\",\"contentUrl\":\"https:\/\/www.noous.co\/blog\/wp-content\/uploads\/2026\/04\/Seminaire-dete-entreprise-1-scaled.png\",\"width\":2560,\"height\":933},{\"@type\":\"BreadcrumbList\",\"@id\":\"https:\/\/www.noous.co\/blog\/conseil-rh\/seminaire-dete-comment-organiser-un-evenement-dentreprise-vraiment-memorable\/#breadcrumb\",\"itemListElement\":[{\"@type\":\"ListItem\",\"position\":1,\"name\":\"Accueil\",\"item\":\"https:\/\/www.noous.co\/blog\/\"},{\"@type\":\"ListItem\",\"position\":2,\"name\":\"S\u00e9minaire d\u2019\u00e9t\u00e9 : comment organiser un \u00e9v\u00e9nement d\u2019entreprise vraiment m\u00e9morable ?\"}]},{\"@type\":\"WebSite\",\"@id\":\"https:\/\/www.noous.co\/blog\/#website\",\"url\":\"https:\/\/www.noous.co\/blog\/\",\"name\":\"NOOUS I Le Blog\",\"description\":\"Le blog des richesses humaines\",\"potentialAction\":[{\"@type\":\"SearchAction\",\"target\":{\"@type\":\"EntryPoint\",\"urlTemplate\":\"https:\/\/www.noous.co\/blog\/?s={search_term_string}\"},\"query-input\":{\"@type\":\"PropertyValueSpecification\",\"valueRequired\":true,\"valueName\":\"search_term_string\"}}],\"inLanguage\":\"fr-FR\"},{\"@type\":\"Person\",\"@id\":\"https:\/\/www.noous.co\/blog\/#\/schema\/person\/280df89df2886750d9ed0aaa0519c837\",\"name\":\"Llona Bov\u00e9\"}]}<\/script>\n<!-- \/ Yoast SEO Premium plugin. -->","yoast_head_json":{"title":"S\u00e9minaire d\u2019\u00e9t\u00e9 d'entreprise : Moment de coh\u00e9sion","description":"Rendez votre s\u00e9minaire d\u2019\u00e9t\u00e9 d'entreprise exceptionnel. D\u00e9couvrez les cl\u00e9s pour une exp\u00e9rience collective unique et engageante.","robots":{"index":"index","follow":"follow","max-snippet":"max-snippet:-1","max-image-preview":"max-image-preview:large","max-video-preview":"max-video-preview:-1"},"canonical":"https:\/\/www.noous.co\/blog\/conseil-rh\/seminaire-dete-comment-organiser-un-evenement-dentreprise-vraiment-memorable\/","og_locale":"fr_FR","og_type":"article","og_title":"S\u00e9minaire d\u2019\u00e9t\u00e9 : comment organiser un \u00e9v\u00e9nement d\u2019entreprise vraiment m\u00e9morable ?","og_description":"Rendez votre s\u00e9minaire d\u2019\u00e9t\u00e9 d'entreprise exceptionnel. D\u00e9couvrez les cl\u00e9s pour une exp\u00e9rience collective unique et engageante.","og_url":"https:\/\/www.noous.co\/blog\/conseil-rh\/seminaire-dete-comment-organiser-un-evenement-dentreprise-vraiment-memorable\/","og_site_name":"NOOUS I Le Blog","article_published_time":"2026-04-17T14:44:22+00:00","article_modified_time":"2026-04-28T12:56:56+00:00","og_image":[{"width":1024,"height":373,"url":"https:\/\/www.noous.co\/blog\/wp-content\/uploads\/2026\/04\/Seminaire-dete-entreprise-1-1024x373.png","type":"image\/png"}],"author":"Llona Bov\u00e9","twitter_card":"summary_large_image","twitter_misc":{"\u00c9crit par":"Llona Bov\u00e9","Dur\u00e9e de lecture estim\u00e9e":"5 minutes"},"schema":{"@context":"https:\/\/schema.org","@graph":[{"@type":"WebPage","@id":"https:\/\/www.noous.co\/blog\/conseil-rh\/seminaire-dete-comment-organiser-un-evenement-dentreprise-vraiment-memorable\/","url":"https:\/\/www.noous.co\/blog\/conseil-rh\/seminaire-dete-comment-organiser-un-evenement-dentreprise-vraiment-memorable\/","name":"S\u00e9minaire d\u2019\u00e9t\u00e9 d'entreprise : Moment de coh\u00e9sion","isPartOf":{"@id":"https:\/\/www.noous.co\/blog\/#website"},"primaryImageOfPage":{"@id":"https:\/\/www.noous.co\/blog\/conseil-rh\/seminaire-dete-comment-organiser-un-evenement-dentreprise-vraiment-memorable\/#primaryimage"},"image":{"@id":"https:\/\/www.noous.co\/blog\/conseil-rh\/seminaire-dete-comment-organiser-un-evenement-dentreprise-vraiment-memorable\/#primaryimage"},"thumbnailUrl":"https:\/\/www.noous.co\/blog\/wp-content\/uploads\/2026\/04\/Seminaire-dete-entreprise-1-scaled.png","datePublished":"2026-04-17T14:44:22+00:00","dateModified":"2026-04-28T12:56:56+00:00","author":{"@id":"https:\/\/www.noous.co\/blog\/#\/schema\/person\/280df89df2886750d9ed0aaa0519c837"},"description":"Rendez votre s\u00e9minaire d\u2019\u00e9t\u00e9 d'entreprise exceptionnel. D\u00e9couvrez les cl\u00e9s pour une exp\u00e9rience collective unique et engageante.","breadcrumb":{"@id":"https:\/\/www.noous.co\/blog\/conseil-rh\/seminaire-dete-comment-organiser-un-evenement-dentreprise-vraiment-memorable\/#breadcrumb"},"inLanguage":"fr-FR","potentialAction":[{"@type":"ReadAction","target":["https:\/\/www.noous.co\/blog\/conseil-rh\/seminaire-dete-comment-organiser-un-evenement-dentreprise-vraiment-memorable\/"]}]},{"@type":"ImageObject","inLanguage":"fr-FR","@id":"https:\/\/www.noous.co\/blog\/conseil-rh\/seminaire-dete-comment-organiser-un-evenement-dentreprise-vraiment-memorable\/#primaryimage","url":"https:\/\/www.noous.co\/blog\/wp-content\/uploads\/2026\/04\/Seminaire-dete-entreprise-1-scaled.png","contentUrl":"https:\/\/www.noous.co\/blog\/wp-content\/uploads\/2026\/04\/Seminaire-dete-entreprise-1-scaled.png","width":2560,"height":933},{"@type":"BreadcrumbList","@id":"https:\/\/www.noous.co\/blog\/conseil-rh\/seminaire-dete-comment-organiser-un-evenement-dentreprise-vraiment-memorable\/#breadcrumb","itemListElement":[{"@type":"ListItem","position":1,"name":"Accueil","item":"https:\/\/www.noous.co\/blog\/"},{"@type":"ListItem","position":2,"name":"S\u00e9minaire d\u2019\u00e9t\u00e9 : comment organiser un \u00e9v\u00e9nement d\u2019entreprise vraiment m\u00e9morable ?"}]},{"@type":"WebSite","@id":"https:\/\/www.noous.co\/blog\/#website","url":"https:\/\/www.noous.co\/blog\/","name":"NOOUS I Le Blog","description":"Le blog des richesses humaines","potentialAction":[{"@type":"SearchAction","target":{"@type":"EntryPoint","urlTemplate":"https:\/\/www.noous.co\/blog\/?s={search_term_string}"},"query-input":{"@type":"PropertyValueSpecification","valueRequired":true,"valueName":"search_term_string"}}],"inLanguage":"fr-FR"},{"@type":"Person","@id":"https:\/\/www.noous.co\/blog\/#\/schema\/person\/280df89df2886750d9ed0aaa0519c837","name":"Llona Bov\u00e9"}]}},"_links":{"self":[{"href":"https:\/\/www.noous.co\/blog\/wp-json\/wp\/v2\/posts\/18477","targetHints":{"allow":["GET"]}}],"collection":[{"href":"https:\/\/www.noous.co\/blog\/wp-json\/wp\/v2\/posts"}],"about":[{"href":"https:\/\/www.noous.co\/blog\/wp-json\/wp\/v2\/types\/post"}],"author":[{"embeddable":true,"href":"https:\/\/www.noous.co\/blog\/wp-json\/wp\/v2\/users\/42"}],"replies":[{"embeddable":true,"href":"https:\/\/www.noous.co\/blog\/wp-json\/wp\/v2\/comments?post=18477"}],"version-history":[{"count":37,"href":"https:\/\/www.noous.co\/blog\/wp-json\/wp\/v2\/posts\/18477\/revisions"}],"predecessor-version":[{"id":18677,"href":"https:\/\/www.noous.co\/blog\/wp-json\/wp\/v2\/posts\/18477\/revisions\/18677"}],"wp:featuredmedia":[{"embeddable":true,"href":"https:\/\/www.noous.co\/blog\/wp-json\/wp\/v2\/media\/18478"}],"wp:attachment":[{"href":"https:\/\/www.noous.co\/blog\/wp-json\/wp\/v2\/media?parent=18477"}],"wp:term":[{"taxonomy":"category","embeddable":true,"href":"https:\/\/www.noous.co\/blog\/wp-json\/wp\/v2\/categories?post=18477"},{"taxonomy":"post_tag","embeddable":true,"href":"https:\/\/www.noous.co\/blog\/wp-json\/wp\/v2\/tags?post=18477"}],"curies":[{"name":"wp","href":"https:\/\/api.w.org\/{rel}","templated":true}]}}