{"id":17485,"date":"2026-03-12T16:09:20","date_gmt":"2026-03-12T15:09:20","guid":{"rendered":"https:\/\/www.noous.co\/blog\/?p=17485"},"modified":"2026-04-16T14:50:49","modified_gmt":"2026-04-16T12:50:49","slug":"mandat-achat-formation","status":"publish","type":"post","link":"https:\/\/www.noous.co\/blog\/formation-professionnelle\/mandat-achat-formation\/","title":{"rendered":"Mandat d\u2019achat : fonctionnement, subrogation de paiement et gestion"},"content":{"rendered":"<p>[et_pb_section fb_built=\u00a0\u00bb1&Prime; _builder_version=\u00a0\u00bb4.16&Prime; custom_margin=\u00a0\u00bb-6px||40px||false|false\u00a0\u00bb custom_padding=\u00a0\u00bb0px||0px||false|false\u00a0\u00bb global_colors_info=\u00a0\u00bb{}\u00a0\u00bb][et_pb_row _builder_version=\u00a0\u00bb4.27.4&Prime; background_color=\u00a0\u00bb#ffffff\u00a0\u00bb custom_margin=\u00a0\u00bb0px||0px||false|false\u00a0\u00bb custom_padding=\u00a0\u00bb0px||0px||false|false\u00a0\u00bb global_colors_info=\u00a0\u00bb{}\u00a0\u00bb][et_pb_column type=\u00a0\u00bb4_4&Prime; _builder_version=\u00a0\u00bb4.27.4&Prime; _module_preset=\u00a0\u00bbdefault\u00a0\u00bb global_colors_info=\u00a0\u00bb{}\u00a0\u00bb][et_pb_text _builder_version=\u00a0\u00bb4.27.6&Prime; text_font=\u00a0\u00bbQuicksand|600|||||||\u00a0\u00bb custom_padding=\u00a0\u00bb||0px|||\u00a0\u00bb global_colors_info=\u00a0\u00bb{}\u00a0\u00bb]<\/p>\n<p><span style=\"color: #000000; font-family: inherit; font-weight: normal;\">Dans le domaine de la <strong>formation professionnelle<\/strong>, plusieurs m\u00e9canismes structurent le financement et la gestion des prestations : <strong>mandat d\u2019achat formation<\/strong>, <strong>subrogation de paiement<\/strong> ou encore <strong>achat de formations<\/strong>.<\/span><\/p>\n<p><span style=\"color: #000000; font-family: inherit; font-weight: normal;\">Ces notions sont parfois confondues alors qu\u2019elles r\u00e9pondent \u00e0 des logiques diff\u00e9rentes. Comprendre le fonctionnement du<strong> mandat d\u2019achat formation<\/strong> permet aux entreprises de mieux organiser leurs <strong><a href=\"https:\/\/www.noous.co\/gestion-des-achats\/\" style=\"color: #000000;\">achats de formation<\/a><\/strong>, de s\u00e9curiser les paiements et d\u2019am\u00e9liorer le pilotage de leur budget formation<\/span><\/p>\n<p>[\/et_pb_text][\/et_pb_column][\/et_pb_row][\/et_pb_section][et_pb_section fb_built=\u00a0\u00bb1&Prime; module_id=\u00a0\u00bb1&Prime; _builder_version=\u00a0\u00bb4.27.6&Prime; min_height=\u00a0\u00bb1993.1px\u00a0\u00bb custom_margin=\u00a0\u00bb0px||76px|-5px|false|false\u00a0\u00bb custom_padding=\u00a0\u00bb0px||0px||false|false\u00a0\u00bb global_colors_info=\u00a0\u00bb{}\u00a0\u00bb][et_pb_row _builder_version=\u00a0\u00bb4.16&Prime; custom_margin=\u00a0\u00bb0px|auto|-53px|auto|false|false\u00a0\u00bb custom_padding=\u00a0\u00bb0px||0px||false|false\u00a0\u00bb global_colors_info=\u00a0\u00bb{}\u00a0\u00bb][et_pb_column type=\u00a0\u00bb4_4&Prime; _builder_version=\u00a0\u00bb4.16&Prime; global_colors_info=\u00a0\u00bb{}\u00a0\u00bb][et_pb_divider color=\u00a0\u00bb#B3B3B3&Prime; _builder_version=\u00a0\u00bb4.16&Prime; width=\u00a0\u00bb20%\u00a0\u00bb module_alignment=\u00a0\u00bbleft\u00a0\u00bb custom_margin=\u00a0\u00bb0px||0px||false|false\u00a0\u00bb custom_padding=\u00a0\u00bb0px||0px||false|false\u00a0\u00bb global_colors_info=\u00a0\u00bb{}\u00a0\u00bb][\/et_pb_divider][et_pb_text _builder_version=\u00a0\u00bb4.27.5&Prime; header_2_font=\u00a0\u00bb|600|||||||\u00a0\u00bb header_2_text_color=\u00a0\u00bb#15b4b6&Prime; header_2_font_size=\u00a0\u00bb27px\u00a0\u00bb custom_margin=\u00a0\u00bb0px||20px||false|false\u00a0\u00bb custom_padding=\u00a0\u00bb0px||0px||false|false\u00a0\u00bb global_colors_info=\u00a0\u00bb{}\u00a0\u00bb]<\/p>\n<h2><strong>Les questions essentielles \u00e0 comprendre<\/strong><\/h2>\n<p>[\/et_pb_text][et_pb_text _builder_version=\u00a0\u00bb4.27.6&Prime; header_2_font=\u00a0\u00bb|600|||||||\u00a0\u00bb header_2_text_color=\u00a0\u00bb#15b4b6&Prime; header_2_font_size=\u00a0\u00bb27px\u00a0\u00bb custom_margin=\u00a0\u00bb0px||-1px||false|false\u00a0\u00bb custom_padding=\u00a0\u00bb0px||0px||false|false\u00a0\u00bb global_colors_info=\u00a0\u00bb{}\u00a0\u00bb]<\/p>\n<h4><strong>Qu\u2019est-ce qu\u2019un mandat d\u2019achat formation ?<\/strong><\/h4>\n<p>[\/et_pb_text][et_pb_text _builder_version=\u00a0\u00bb4.27.5&Prime; text_font=\u00a0\u00bbQuicksand|600|||||||\u00a0\u00bb width=\u00a0\u00bb100%\u00a0\u00bb custom_margin=\u00a0\u00bb||-28px|3px||\u00a0\u00bb custom_padding=\u00a0\u00bb||0px|||\u00a0\u00bb inline_fonts=\u00a0\u00bbABeeZee\u00a0\u00bb global_colors_info=\u00a0\u00bb{}\u00a0\u00bb]<\/p>\n<p><span style=\"color: #000000; font-family: inherit; font-weight: normal;\">Le <strong>mandat d\u2019achat formation<\/strong> est une d\u00e9l\u00e9gation par laquelle une entreprise confie \u00e0 un tiers la gestion de l\u2019ensemble de ses <strong>achats de formation<\/strong> : contractualisation, coordination fournisseurs, gestion des paiements et suivi administratif et budg\u00e9taire.<\/span><\/p>\n<p><span style=\"color: #000000; font-family: inherit; font-weight: normal;\">Il ne se limite pas au r\u00e8glement : il structure tout le circuit d\u2019achat.<\/span><\/p>\n<p>[\/et_pb_text][et_pb_text _builder_version=\u00a0\u00bb4.27.6&Prime; _module_preset=\u00a0\u00bbdefault\u00a0\u00bb custom_margin=\u00a0\u00bb57px||8px|||\u00a0\u00bb custom_padding=\u00a0\u00bb0px|||||\u00a0\u00bb global_colors_info=\u00a0\u00bb{}\u00a0\u00bb]<\/p>\n<h4><strong>Quelle est la diff\u00e9rence entre mandat d\u2019achat et subrogation de paiement ?<\/strong><\/h4>\n<p>[\/et_pb_text][et_pb_text _builder_version=\u00a0\u00bb4.27.6&Prime; _module_preset=\u00a0\u00bbdefault\u00a0\u00bb inline_fonts=\u00a0\u00bbAlice\u00a0\u00bb global_colors_info=\u00a0\u00bb{}\u00a0\u00bb]<\/p>\n<p><span style=\"color: #000000; font-family: inherit; font-weight: normal;\">La <strong>subrogation de paiement<\/strong> correspond \u00e0 un mode de r\u00e8glement sp\u00e9cifique : un financeur r\u00e8gle directement l\u2019organisme de formation pour le compte de l\u2019entreprise.<\/span><\/p>\n<p><span style=\"color: #000000; font-family: inherit; font-weight: normal;\">Le <strong>mandat d\u2019achat formation<\/strong>, lui, couvre une dimension plus large : il organise l\u2019ensemble du processus d\u2019achat, de la contractualisation jusqu\u2019au suivi des paiements.<\/span><\/p>\n<p><span style=\"color: #000000; font-family: inherit; font-weight: normal;\">La subrogation peut ainsi intervenir <strong>dans le cadre d\u2019un mandat d\u2019achat<\/strong>, mais elle n\u2019en constitue qu\u2019un \u00e9l\u00e9ment.<\/span><\/p>\n<p>[\/et_pb_text][et_pb_text _builder_version=\u00a0\u00bb4.27.6&Prime; _module_preset=\u00a0\u00bbdefault\u00a0\u00bb custom_margin=\u00a0\u00bb11px||8px|||\u00a0\u00bb custom_padding=\u00a0\u00bb0px|||||\u00a0\u00bb global_colors_info=\u00a0\u00bb{}\u00a0\u00bb]<\/p>\n<h4><strong>Qui peut intervenir dans le financement des formations ?<\/strong><\/h4>\n<p>[\/et_pb_text][\/et_pb_column][\/et_pb_row][et_pb_row _builder_version=\u00a0\u00bb4.27.4&Prime; _module_preset=\u00a0\u00bbdefault\u00a0\u00bb custom_margin=\u00a0\u00bb-16px|auto||auto||\u00a0\u00bb global_colors_info=\u00a0\u00bb{}\u00a0\u00bb][et_pb_column type=\u00a0\u00bb4_4&Prime; _builder_version=\u00a0\u00bb4.27.4&Prime; _module_preset=\u00a0\u00bbdefault\u00a0\u00bb global_colors_info=\u00a0\u00bb{}\u00a0\u00bb][et_pb_text _builder_version=\u00a0\u00bb4.27.6&Prime; _module_preset=\u00a0\u00bbdefault\u00a0\u00bb global_colors_info=\u00a0\u00bb{}\u00a0\u00bb]<\/p>\n<p><span style=\"color: #000000;\">Le financement de la <strong>formation professionnelle<\/strong> peut mobiliser diff\u00e9rents acteurs :<\/span><\/p>\n<ul>\n<li><span style=\"color: #000000;\">les entreprises elles-m\u00eames,<\/span><\/li>\n<li><span style=\"color: #000000;\">les <strong><a href=\"https:\/\/travail-emploi.gouv.fr\/les-operateurs-de-competences-opco\" style=\"color: #000000;\">op\u00e9rateurs de comp\u00e9tences (OPCO),<\/a><\/strong><\/span><\/li>\n<li><span style=\"color: #000000;\">certains dispositifs publics ou sectoriels.<\/span><\/li>\n<\/ul>\n<p><span style=\"color: #000000;\">Selon les situations, ces acteurs peuvent intervenir dans le r\u00e8glement des prestations ou dans la prise en charge d\u2019une partie des co\u00fbts.<\/span><\/p>\n<p>[\/et_pb_text][et_pb_text _builder_version=\u00a0\u00bb4.27.6&Prime; _module_preset=\u00a0\u00bbdefault\u00a0\u00bb custom_margin=\u00a0\u00bb11px||8px|||\u00a0\u00bb custom_padding=\u00a0\u00bb0px|||||\u00a0\u00bb global_colors_info=\u00a0\u00bb{}\u00a0\u00bb]<\/p>\n<h4><strong>Pourquoi externaliser la gestion des achats de formation ?<\/strong><\/h4>\n<p>[\/et_pb_text][et_pb_text _builder_version=\u00a0\u00bb4.27.6&Prime; _module_preset=\u00a0\u00bbdefault\u00a0\u00bb global_colors_info=\u00a0\u00bb{}\u00a0\u00bb]<\/p>\n<p><span style=\"color: #000000;\"><strong><a href=\"https:\/\/www.noous.co\/externalisation-des-achats\/\" style=\"color: #000000;\">Externaliser le mandat d\u2019achat<\/a> formation<\/strong> permet :<\/span><\/p>\n<ul>\n<li><span style=\"color: #000000;\">de s\u00e9curiser les financements,<\/span><\/li>\n<li><span style=\"color: #000000;\">d\u2019optimiser la tr\u00e9sorerie,<\/span><\/li>\n<li><span style=\"color: #000000;\">de centraliser les flux li\u00e9s aux <strong>achats de formation<\/strong>,<\/span><\/li>\n<li><span style=\"color: #000000;\">d\u2019am\u00e9liorer le pilotage budg\u00e9taire.<\/span><\/li>\n<\/ul>\n<p><span style=\"color: #000000;\">Dans un environnement r\u00e9glementaire complexe, la structuration devient strat\u00e9gique.<\/span><\/p>\n<p>[\/et_pb_text][et_pb_cta title=\u00a0\u00bbExternalisez votre mandat d\u2019achat formation\u00a0\u00bb button_url=\u00a0\u00bbhttps:\/\/www.noous.co\/externalisation-des-achats\/\u00a0\u00bb button_text=\u00a0\u00bbContactez-nous\u00a0\u00bb _builder_version=\u00a0\u00bb4.27.6&Prime; _module_preset=\u00a0\u00bbdefault\u00a0\u00bb header_level=\u00a0\u00bbh4&Prime; header_text_align=\u00a0\u00bbcenter\u00a0\u00bb header_text_color=\u00a0\u00bb#FFFFFF\u00a0\u00bb background_color=\u00a0\u00bb#15b4b6&Prime; use_background_color_gradient=\u00a0\u00bbon\u00a0\u00bb background_color_gradient_stops=\u00a0\u00bb#16b2b7 0%|#29c4a9 100%\u00a0\u00bb background_image=\u00a0\u00bbhttps:\/\/www.noous.co\/blog\/wp-content\/uploads\/2025\/10\/CAT-expertise-blog-500-x-350-px-1.png\u00a0\u00bb custom_button=\u00a0\u00bbon\u00a0\u00bb button_text_size=\u00a0\u00bb17px\u00a0\u00bb button_text_color=\u00a0\u00bb#000000&Prime; button_bg_color=\u00a0\u00bb#FFFFFF\u00a0\u00bb button_border_width=\u00a0\u00bb0px\u00a0\u00bb button_border_color=\u00a0\u00bbRGBA(255,255,255,0)\u00a0\u00bb custom_margin=\u00a0\u00bb13px|||||\u00a0\u00bb link_option_url=\u00a0\u00bbhttps:\/\/www.noous.co\/passeport-de-prevention\/\u00a0\u00bb link_option_url_new_window=\u00a0\u00bbon\u00a0\u00bb border_radii=\u00a0\u00bbon|21px|21px|21px|21px\u00a0\u00bb global_colors_info=\u00a0\u00bb{}\u00a0\u00bb]<\/p>\n<p style=\"text-align: center;\">Confiez l\u2019ensemble de vos <strong>achats de formation<\/strong> \u00e0 des experts d\u00e9di\u00e9s<\/p>\n<p>[\/et_pb_cta][\/et_pb_column][\/et_pb_row][et_pb_row _builder_version=\u00a0\u00bb4.27.4&Prime; _module_preset=\u00a0\u00bbdefault\u00a0\u00bb custom_margin=\u00a0\u00bb|auto|-22px|auto||\u00a0\u00bb custom_padding=\u00a0\u00bb||52px|||\u00a0\u00bb global_colors_info=\u00a0\u00bb{}\u00a0\u00bb][et_pb_column type=\u00a0\u00bb4_4&Prime; _builder_version=\u00a0\u00bb4.27.4&Prime; _module_preset=\u00a0\u00bbdefault\u00a0\u00bb global_colors_info=\u00a0\u00bb{}\u00a0\u00bb][et_pb_text _builder_version=\u00a0\u00bb4.27.6&Prime; header_2_font=\u00a0\u00bb|600|||||||\u00a0\u00bb header_2_text_color=\u00a0\u00bb#15b4b6&Prime; header_2_font_size=\u00a0\u00bb27px\u00a0\u00bb custom_margin=\u00a0\u00bb0px||-3px||false|false\u00a0\u00bb custom_padding=\u00a0\u00bb0px||0px||false|false\u00a0\u00bb global_colors_info=\u00a0\u00bb{}\u00a0\u00bb]<\/p>\n<h2><strong>Le mandat d\u2019achat appliqu\u00e9 \u00e0 la formation<\/strong><\/h2>\n<p>[\/et_pb_text][et_pb_text _builder_version=\u00a0\u00bb4.27.5&Prime; text_font=\u00a0\u00bbQuicksand|600|||||||\u00a0\u00bb custom_margin=\u00a0\u00bb||10px|||\u00a0\u00bb custom_padding=\u00a0\u00bb||0px|||\u00a0\u00bb global_colors_info=\u00a0\u00bb{}\u00a0\u00bb][\/et_pb_text][et_pb_text _builder_version=\u00a0\u00bb4.27.6&Prime; _module_preset=\u00a0\u00bbdefault\u00a0\u00bb custom_margin=\u00a0\u00bb|155px||-11px|false|false\u00a0\u00bb custom_padding=\u00a0\u00bb10px|10px|11px|31px|false|false\u00a0\u00bb border_radii=\u00a0\u00bbon|20px|20px|20px|20px\u00a0\u00bb border_width_all=\u00a0\u00bb1px\u00a0\u00bb border_color_all=\u00a0\u00bb#15b4b6&Prime; box_shadow_style=\u00a0\u00bbpreset1&Prime; global_colors_info=\u00a0\u00bb{}\u00a0\u00bb]<\/p>\n<h4><\/h4>\n<p><span style=\"color: #000000;\">Dans le secteur de la <strong>formation professionnelle<\/strong>, le <strong>mandat d\u2019achat formation<\/strong> permet de structurer la relation entre :<\/span><\/p>\n<ul>\n<li>l<span style=\"color: #000000;\">\u2019entreprise cliente,<\/span><\/li>\n<li><span style=\"color: #000000;\">les prestataires de formation,<\/span><\/li>\n<li><span style=\"color: #000000;\">les \u00e9ventuels financeurs.<\/span><\/li>\n<\/ul>\n<p>[\/et_pb_text][et_pb_text _builder_version=\u00a0\u00bb4.27.5&Prime; text_font=\u00a0\u00bbQuicksand|600|||||||\u00a0\u00bb custom_margin=\u00a0\u00bb||10px|||\u00a0\u00bb custom_padding=\u00a0\u00bb||0px|||\u00a0\u00bb global_colors_info=\u00a0\u00bb{}\u00a0\u00bb]<\/p>\n<p><span style=\"color: #000000;\">Le mandataire centralise les flux et agit comme interm\u00e9diaire dans la gestion des achats et des paiements.<\/span><\/p>\n<p>[\/et_pb_text][et_pb_text _builder_version=\u00a0\u00bb4.27.6&Prime; _module_preset=\u00a0\u00bbdefault\u00a0\u00bb custom_margin=\u00a0\u00bb|156px|33px|-11px|false|false\u00a0\u00bb custom_padding=\u00a0\u00bb21px|10px|0px|31px|false|false\u00a0\u00bb border_radii=\u00a0\u00bbon|20px|20px|20px|20px\u00a0\u00bb border_width_all=\u00a0\u00bb1px\u00a0\u00bb border_color_all=\u00a0\u00bb#15b4b6&Prime; box_shadow_style=\u00a0\u00bbpreset1&Prime; global_colors_info=\u00a0\u00bb{}\u00a0\u00bb]<\/p>\n<p><span style=\"color: #000000;\">Ce mod\u00e8le pr\u00e9sente plusieurs<strong> avantages organisationnels<\/strong> :<\/span><\/p>\n<ul>\n<li style=\"list-style-type: none;\">\n<ul>\n<li><span style=\"color: #000000;\">simplification des relations fournisseurs,<\/span><\/li>\n<li><span style=\"color: #000000;\">centralisation de la facturation,<\/span><\/li>\n<li><span style=\"color: #000000;\">meilleure visibilit\u00e9 budg\u00e9taire.<\/span><\/li>\n<\/ul>\n<\/li>\n<\/ul>\n<p>[\/et_pb_text][et_pb_divider color=\u00a0\u00bb#B3B3B3&Prime; _builder_version=\u00a0\u00bb4.16&Prime; width=\u00a0\u00bb20%\u00a0\u00bb module_alignment=\u00a0\u00bbleft\u00a0\u00bb custom_margin=\u00a0\u00bb0px||-53px||false|false\u00a0\u00bb custom_padding=\u00a0\u00bb0px||0px||false|false\u00a0\u00bb global_colors_info=\u00a0\u00bb{}\u00a0\u00bb][\/et_pb_divider][\/et_pb_column][\/et_pb_row][et_pb_row _builder_version=\u00a0\u00bb4.27.6&Prime; _module_preset=\u00a0\u00bbdefault\u00a0\u00bb custom_margin=\u00a0\u00bb-16px|auto||auto||\u00a0\u00bb global_colors_info=\u00a0\u00bb{}\u00a0\u00bb][et_pb_column type=\u00a0\u00bb4_4&Prime; _builder_version=\u00a0\u00bb4.27.6&Prime; _module_preset=\u00a0\u00bbdefault\u00a0\u00bb global_colors_info=\u00a0\u00bb{}\u00a0\u00bb][et_pb_text _builder_version=\u00a0\u00bb4.27.6&Prime; header_2_font=\u00a0\u00bb|600|||||||\u00a0\u00bb header_2_text_color=\u00a0\u00bb#15b4b6&Prime; header_2_font_size=\u00a0\u00bb27px\u00a0\u00bb custom_margin=\u00a0\u00bb0px||-3px||false|false\u00a0\u00bb custom_padding=\u00a0\u00bb0px||0px||false|false\u00a0\u00bb global_colors_info=\u00a0\u00bb{}\u00a0\u00bb]<\/p>\n<h2><strong>La subrogation de paiement dans le cadre du mandat d\u2019achat<\/strong><\/h2>\n<p>[\/et_pb_text][et_pb_text _builder_version=\u00a0\u00bb4.27.6&Prime; _module_preset=\u00a0\u00bbdefault\u00a0\u00bb global_colors_info=\u00a0\u00bb{}\u00a0\u00bb]<\/p>\n<p><span style=\"color: #000000;\">Dans certains cas, le <strong>mandat d\u2019achat formation<\/strong> peut s\u2019appuyer sur un m\u00e9canisme de <strong><a href=\"https:\/\/www.noous.co\/subrogation-de-paiement\/\" style=\"color: #000000;\">subrogation de paiement<\/a><\/strong>.<\/span><\/p>\n<p><span style=\"color: #000000;\">Ce dispositif permet \u00e0 un organisme financeur de r\u00e9gler directement l\u2019organisme de formation pour le compte de l\u2019entreprise.<\/span><\/p>\n<p><span style=\"color: #000000;\">Il facilite la gestion de tr\u00e9sorerie en \u00e9vitant l\u2019avance de certains frais.<\/span><\/p>\n<p><span style=\"color: #000000;\">Cependant, ce m\u00e9canisme reste encadr\u00e9 et d\u00e9pend :<\/span><\/p>\n<ul>\n<li><span style=\"color: #000000;\">de crit\u00e8res d\u2019\u00e9ligibilit\u00e9,<\/span><\/li>\n<li><span style=\"color: #000000;\">des d\u00e9lais de traitement des financeurs,<\/span><\/li>\n<li><span style=\"color: #000000;\">du type de prestation concern\u00e9.<\/span><\/li>\n<\/ul>\n<p><span style=\"color: #000000;\">La subrogation constitue donc un outil financier utile, mais elle ne couvre pas l\u2019ensemble des situations rencontr\u00e9es dans la gestion des <strong>achats de formation<\/strong>.<\/span><\/p>\n<p>[\/et_pb_text][\/et_pb_column][\/et_pb_row][et_pb_row _builder_version=\u00a0\u00bb4.27.6&Prime; _module_preset=\u00a0\u00bbdefault\u00a0\u00bb custom_margin=\u00a0\u00bb-33px|auto||auto||\u00a0\u00bb global_colors_info=\u00a0\u00bb{}\u00a0\u00bb][et_pb_column type=\u00a0\u00bb4_4&Prime; _builder_version=\u00a0\u00bb4.27.6&Prime; _module_preset=\u00a0\u00bbdefault\u00a0\u00bb global_colors_info=\u00a0\u00bb{}\u00a0\u00bb][et_pb_divider color=\u00a0\u00bb#B3B3B3&Prime; _builder_version=\u00a0\u00bb4.16&Prime; width=\u00a0\u00bb20%\u00a0\u00bb module_alignment=\u00a0\u00bbleft\u00a0\u00bb custom_margin=\u00a0\u00bb0px||0px||false|false\u00a0\u00bb custom_padding=\u00a0\u00bb0px||0px||false|false\u00a0\u00bb global_colors_info=\u00a0\u00bb{}\u00a0\u00bb][\/et_pb_divider][et_pb_text _builder_version=\u00a0\u00bb4.27.6&Prime; header_2_font=\u00a0\u00bb|600|||||||\u00a0\u00bb header_2_text_color=\u00a0\u00bb#15b4b6&Prime; header_2_font_size=\u00a0\u00bb27px\u00a0\u00bb custom_margin=\u00a0\u00bb0px||-3px||false|false\u00a0\u00bb custom_padding=\u00a0\u00bb0px||0px||false|false\u00a0\u00bb global_colors_info=\u00a0\u00bb{}\u00a0\u00bb]<\/p>\n<h2><strong>Les limites d\u2019une gestion centr\u00e9e uniquement sur la subrogation<\/strong><\/h2>\n<p>[\/et_pb_text][et_pb_text _builder_version=\u00a0\u00bb4.27.6&Prime; _module_preset=\u00a0\u00bbdefault\u00a0\u00bb global_colors_info=\u00a0\u00bb{}\u00a0\u00bb]<\/p>\n<p><span style=\"color: #000000;\">Dans la pratique, la gestion des formations d\u00e9passe largement le cadre des seules prestations \u00e9ligibles au financement.<\/span><\/p>\n<p><span style=\"color: #000000;\">Les entreprises doivent souvent g\u00e9rer :<\/span><\/p>\n<ul>\n<li><span style=\"color: #000000;\">plusieurs prestataires,<\/span><\/li>\n<li><span style=\"color: #000000;\">des fournisseurs \u00e9trangers,<\/span><\/li>\n<li><span style=\"color: #000000;\">des prestations compl\u00e9mentaires (h\u00e9bergement, logistique\u2026),<\/span><\/li>\n<li><span style=\"color: #000000;\">des formations hybrides ou sur mesure.<\/span><\/li>\n<\/ul>\n<p><span style=\"color: #000000;\">Ces situations n\u00e9cessitent une organisation plus globale des achats et des paiements.<\/span><\/p>\n<p><span style=\"color: #000000;\">C\u2019est pr\u00e9cis\u00e9ment ce que permet le <strong>mandat d\u2019achat formation<\/strong>.<\/span><\/p>\n<p>[\/et_pb_text][\/et_pb_column][\/et_pb_row][et_pb_row _builder_version=\u00a0\u00bb4.27.6&Prime; _module_preset=\u00a0\u00bbdefault\u00a0\u00bb custom_margin=\u00a0\u00bb-33px|auto||auto||\u00a0\u00bb global_colors_info=\u00a0\u00bb{}\u00a0\u00bb][et_pb_column type=\u00a0\u00bb4_4&Prime; _builder_version=\u00a0\u00bb4.27.6&Prime; _module_preset=\u00a0\u00bbdefault\u00a0\u00bb global_colors_info=\u00a0\u00bb{}\u00a0\u00bb][et_pb_divider color=\u00a0\u00bb#B3B3B3&Prime; _builder_version=\u00a0\u00bb4.16&Prime; width=\u00a0\u00bb20%\u00a0\u00bb module_alignment=\u00a0\u00bbleft\u00a0\u00bb custom_margin=\u00a0\u00bb0px||0px||false|false\u00a0\u00bb custom_padding=\u00a0\u00bb0px||0px||false|false\u00a0\u00bb global_colors_info=\u00a0\u00bb{}\u00a0\u00bb][\/et_pb_divider][et_pb_text _builder_version=\u00a0\u00bb4.27.6&Prime; header_2_font=\u00a0\u00bb|600|||||||\u00a0\u00bb header_2_text_color=\u00a0\u00bb#15b4b6&Prime; header_2_font_size=\u00a0\u00bb27px\u00a0\u00bb custom_margin=\u00a0\u00bb0px||-3px||false|false\u00a0\u00bb custom_padding=\u00a0\u00bb0px||0px||false|false\u00a0\u00bb global_colors_info=\u00a0\u00bb{}\u00a0\u00bb]<\/p>\n<h2><strong>Structurer les achats de formation<\/strong><\/h2>\n<p>[\/et_pb_text][et_pb_text _builder_version=\u00a0\u00bb4.27.6&Prime; _module_preset=\u00a0\u00bbdefault\u00a0\u00bb global_colors_info=\u00a0\u00bb{}\u00a0\u00bb]<\/p>\n<p><span style=\"color: #000000;\">Un <strong>mandat d\u2019achat formation<\/strong> structur\u00e9 permet d\u2019organiser l\u2019ensemble du circuit d\u2019achat :<\/span><\/p>\n<ul>\n<li><span style=\"color: #000000;\">gestion des fournisseurs,<\/span><\/li>\n<li><span style=\"color: #000000;\">coordination des flux financiers,<\/span><\/li>\n<li><span style=\"color: #000000;\">suivi des engagements budg\u00e9taires,<\/span><\/li>\n<li><span style=\"color: #000000;\">consolidation des d\u00e9penses.<\/span><\/li>\n<\/ul>\n<p><span style=\"color: #000000;\">Il apporte ainsi une vision globale des investissements li\u00e9s \u00e0 la <strong><a href=\"https:\/\/travail-emploi.gouv.fr\/formation-professionnelle\" style=\"color: #000000;\">formation professionnelle.<\/a><\/strong><\/span><\/p>\n<p>[\/et_pb_text][\/et_pb_column][\/et_pb_row][et_pb_row _builder_version=\u00a0\u00bb4.27.6&Prime; _module_preset=\u00a0\u00bbdefault\u00a0\u00bb custom_margin=\u00a0\u00bb-33px|auto||auto||\u00a0\u00bb global_colors_info=\u00a0\u00bb{}\u00a0\u00bb][et_pb_column type=\u00a0\u00bb4_4&Prime; _builder_version=\u00a0\u00bb4.27.6&Prime; _module_preset=\u00a0\u00bbdefault\u00a0\u00bb global_colors_info=\u00a0\u00bb{}\u00a0\u00bb][et_pb_divider color=\u00a0\u00bb#B3B3B3&Prime; _builder_version=\u00a0\u00bb4.16&Prime; width=\u00a0\u00bb20%\u00a0\u00bb module_alignment=\u00a0\u00bbleft\u00a0\u00bb custom_margin=\u00a0\u00bb0px||0px||false|false\u00a0\u00bb custom_padding=\u00a0\u00bb0px||0px||false|false\u00a0\u00bb global_colors_info=\u00a0\u00bb{}\u00a0\u00bb][\/et_pb_divider][et_pb_text _builder_version=\u00a0\u00bb4.27.6&Prime; header_2_font=\u00a0\u00bb|600|||||||\u00a0\u00bb header_2_text_color=\u00a0\u00bb#15b4b6&Prime; header_2_font_size=\u00a0\u00bb27px\u00a0\u00bb custom_margin=\u00a0\u00bb0px||-3px||false|false\u00a0\u00bb custom_padding=\u00a0\u00bb0px||0px||false|false\u00a0\u00bb global_colors_info=\u00a0\u00bb{}\u00a0\u00bb]<\/p>\n<h2><strong>Pourquoi choisir une solution \u00e9largie devient strat\u00e9gique <\/strong><\/h2>\n<p>[\/et_pb_text][et_pb_text _builder_version=\u00a0\u00bb4.27.6&Prime; _module_preset=\u00a0\u00bbdefault\u00a0\u00bb global_colors_info=\u00a0\u00bb{}\u00a0\u00bb]<\/p>\n<p><span style=\"color: #000000;\">\u00c0 mesure que les entreprises investissent davantage dans le d\u00e9veloppement des comp\u00e9tences, la gestion des formations devient plus complexe.<\/span><\/p>\n<p><span style=\"color: #000000;\">Le <strong>mandat d\u2019achat formation<\/strong> permet notamment :<\/span><\/p>\n<p>[\/et_pb_text][\/et_pb_column][\/et_pb_row][et_pb_row column_structure=\u00a0\u00bb1_2,1_2&Prime; _builder_version=\u00a0\u00bb4.27.4&Prime; _module_preset=\u00a0\u00bbdefault\u00a0\u00bb custom_margin=\u00a0\u00bb-12px|auto||auto||\u00a0\u00bb custom_padding=\u00a0\u00bb13px|||||\u00a0\u00bb global_colors_info=\u00a0\u00bb{}\u00a0\u00bb][et_pb_column type=\u00a0\u00bb1_2&Prime; _builder_version=\u00a0\u00bb4.27.4&Prime; _module_preset=\u00a0\u00bbdefault\u00a0\u00bb global_colors_info=\u00a0\u00bb{}\u00a0\u00bb][et_pb_text _builder_version=\u00a0\u00bb4.27.6&Prime; _module_preset=\u00a0\u00bbdefault\u00a0\u00bb background_color=\u00a0\u00bb#16B2B7&Prime; transform_scale=\u00a0\u00bb171%|171%\u00a0\u00bb max_width=\u00a0\u00bb9%\u00a0\u00bb module_alignment=\u00a0\u00bbcenter\u00a0\u00bb custom_margin=\u00a0\u00bb||-8px||false|false\u00a0\u00bb custom_padding=\u00a0\u00bb|||0px||\u00a0\u00bb border_radii=\u00a0\u00bbon|50px|50px|50px|50px\u00a0\u00bb global_colors_info=\u00a0\u00bb{}\u00a0\u00bb]<\/p>\n<p style=\"text-align: center;\"><span style=\"color: #ffffff;\"><strong>1<\/strong><\/span><\/p>\n<p>[\/et_pb_text][et_pb_text _builder_version=\u00a0\u00bb4.27.6&Prime; _module_preset=\u00a0\u00bbdefault\u00a0\u00bb text_text_color=\u00a0\u00bb#000000&Prime; custom_margin=\u00a0\u00bb0px||||false|false\u00a0\u00bb custom_padding=\u00a0\u00bb12px|12px|12px|12px|false|false\u00a0\u00bb border_radii=\u00a0\u00bbon|16px|16px|16px|16px\u00a0\u00bb border_width_all=\u00a0\u00bb1px\u00a0\u00bb border_color_all=\u00a0\u00bb#15b4b6&Prime; box_shadow_style=\u00a0\u00bbpreset1&Prime; global_colors_info=\u00a0\u00bb{}\u00a0\u00bb]<\/p>\n<p style=\"text-align: center;\"><strong><\/strong><\/p>\n<p style=\"text-align: center;\"><strong>D\u2019am\u00e9liorer l\u2019agilit\u00e9 des paiements<\/strong><\/p>\n<p>Certaines solutions permettent d\u2019effectuer des r\u00e8glements rapides, parfois sous 24 heures, notamment via des cartes bancaires virtuelles.<\/p>\n<p>Cette r\u00e9activit\u00e9 s\u00e9curise les prestations et facilite les relations avec les prestataires.<\/p>\n<p>[\/et_pb_text][et_pb_text _builder_version=\u00a0\u00bb4.27.6&Prime; _module_preset=\u00a0\u00bbdefault\u00a0\u00bb background_color=\u00a0\u00bb#16B2B7&Prime; transform_scale=\u00a0\u00bb171%|171%\u00a0\u00bb max_width=\u00a0\u00bb9%\u00a0\u00bb module_alignment=\u00a0\u00bbcenter\u00a0\u00bb custom_margin=\u00a0\u00bb||-8px||false|false\u00a0\u00bb custom_padding=\u00a0\u00bb|||0px||\u00a0\u00bb border_radii=\u00a0\u00bbon|50px|50px|50px|50px\u00a0\u00bb global_colors_info=\u00a0\u00bb{}\u00a0\u00bb]<\/p>\n<p style=\"text-align: center;\"><span style=\"color: #ffffff;\"><strong>3<\/strong><\/span><\/p>\n<p>[\/et_pb_text][et_pb_text _builder_version=\u00a0\u00bb4.27.6&Prime; _module_preset=\u00a0\u00bbdefault\u00a0\u00bb text_text_color=\u00a0\u00bb#000000&Prime; custom_margin=\u00a0\u00bb0px||||false|false\u00a0\u00bb custom_padding=\u00a0\u00bb12px|12px|12px|12px|false|false\u00a0\u00bb border_radii=\u00a0\u00bbon|16px|16px|16px|16px\u00a0\u00bb border_width_all=\u00a0\u00bb1px\u00a0\u00bb border_color_all=\u00a0\u00bb#15b4b6&Prime; box_shadow_style=\u00a0\u00bbpreset1&Prime; global_colors_info=\u00a0\u00bb{}\u00a0\u00bb]<\/p>\n<p style=\"text-align: center;\"><strong><\/strong><\/p>\n<p style=\"text-align: center;\"><strong>De mieux piloter le budget formation<\/strong><\/p>\n<p>La mise \u00e0 disposition de donn\u00e9es actualis\u00e9es permet :<\/p>\n<ul>\n<li>de suivre les d\u00e9penses engag\u00e9es,<\/li>\n<li>d\u2019anticiper les arbitrages budg\u00e9taires,<\/li>\n<li>de consolider la vision financi\u00e8re.<\/li>\n<\/ul>\n<p>La <strong>formation professionnelle<\/strong> devient alors un poste v\u00e9ritablement pilot\u00e9.<\/p>\n<p>[\/et_pb_text][\/et_pb_column][et_pb_column type=\u00a0\u00bb1_2&Prime; _builder_version=\u00a0\u00bb4.27.4&Prime; _module_preset=\u00a0\u00bbdefault\u00a0\u00bb global_colors_info=\u00a0\u00bb{}\u00a0\u00bb][et_pb_text _builder_version=\u00a0\u00bb4.27.6&Prime; _module_preset=\u00a0\u00bbdefault\u00a0\u00bb background_color=\u00a0\u00bb#16B2B7&Prime; transform_scale=\u00a0\u00bb171%|171%\u00a0\u00bb max_width=\u00a0\u00bb9%\u00a0\u00bb module_alignment=\u00a0\u00bbcenter\u00a0\u00bb custom_margin=\u00a0\u00bb||-8px||false|false\u00a0\u00bb custom_padding=\u00a0\u00bb|||0px||\u00a0\u00bb border_radii=\u00a0\u00bbon|50px|50px|50px|50px\u00a0\u00bb global_colors_info=\u00a0\u00bb{}\u00a0\u00bb]<\/p>\n<p style=\"text-align: center;\"><span style=\"color: #ffffff;\"><strong>2<\/strong><\/span><\/p>\n<p>[\/et_pb_text][et_pb_text _builder_version=\u00a0\u00bb4.27.6&Prime; _module_preset=\u00a0\u00bbdefault\u00a0\u00bb text_text_color=\u00a0\u00bb#000000&Prime; custom_margin=\u00a0\u00bb0px||||false|false\u00a0\u00bb custom_padding=\u00a0\u00bb12px|12px|12px|12px|false|false\u00a0\u00bb border_radii=\u00a0\u00bbon|16px|16px|16px|16px\u00a0\u00bb border_width_all=\u00a0\u00bb1px\u00a0\u00bb border_color_all=\u00a0\u00bb#15b4b6&Prime; box_shadow_style=\u00a0\u00bbpreset1&Prime; global_colors_info=\u00a0\u00bb{}\u00a0\u00bb]<\/p>\n<p style=\"text-align: center;\"><strong><\/strong><\/p>\n<p style=\"text-align: center;\"><strong>D\u2019\u00e9largir le p\u00e9rim\u00e8tre des fournisseurs<\/strong><\/p>\n<p>Le mandat d\u2019achat permet d\u2019int\u00e9grer diff\u00e9rents types de prestataires :<\/p>\n<ul>\n<li>organismes de formation,<\/li>\n<li>fournisseurs \u00e9trangers,<\/li>\n<li>prestataires logistiques ou h\u00f4teliers.<\/li>\n<\/ul>\n<p>La gestion des <strong>achats de formation<\/strong> refl\u00e8te ainsi la r\u00e9alit\u00e9 des besoins des entreprises.<\/p>\n<p>[\/et_pb_text][et_pb_text _builder_version=\u00a0\u00bb4.27.6&Prime; _module_preset=\u00a0\u00bbdefault\u00a0\u00bb background_color=\u00a0\u00bb#16B2B7&Prime; transform_scale=\u00a0\u00bb171%|171%\u00a0\u00bb max_width=\u00a0\u00bb9%\u00a0\u00bb module_alignment=\u00a0\u00bbcenter\u00a0\u00bb custom_margin=\u00a0\u00bb||-8px||false|false\u00a0\u00bb custom_padding=\u00a0\u00bb|||0px||\u00a0\u00bb border_radii=\u00a0\u00bbon|50px|50px|50px|50px\u00a0\u00bb global_colors_info=\u00a0\u00bb{}\u00a0\u00bb]<\/p>\n<p style=\"text-align: center;\"><span style=\"color: #ffffff;\"><strong>4<\/strong><\/span><\/p>\n<p>[\/et_pb_text][et_pb_text _builder_version=\u00a0\u00bb4.27.6&Prime; _module_preset=\u00a0\u00bbdefault\u00a0\u00bb text_text_color=\u00a0\u00bb#000000&Prime; custom_margin=\u00a0\u00bb0px||||false|false\u00a0\u00bb custom_padding=\u00a0\u00bb12px|12px|12px|12px|false|false\u00a0\u00bb border_radii=\u00a0\u00bbon|16px|16px|16px|16px\u00a0\u00bb border_width_all=\u00a0\u00bb1px\u00a0\u00bb border_color_all=\u00a0\u00bb#15b4b6&Prime; box_shadow_style=\u00a0\u00bbpreset1&Prime; global_colors_info=\u00a0\u00bb{}\u00a0\u00bb]<\/p>\n<p style=\"text-align: center;\"><strong><\/strong><\/p>\n<p style=\"text-align: center;\"><strong>De s\u00e9curiser les dispositifs<\/strong><\/p>\n<p>La gestion des financements, des relations avec les prestataires et des contraintes administratives n\u00e9cessite une expertise sp\u00e9cifique.<\/p>\n<p>Des interlocuteurs sp\u00e9cialis\u00e9s permettent d\u2019optimiser les dispositifs et de s\u00e9curiser les d\u00e9marches.<\/p>\n<p>[\/et_pb_text][\/et_pb_column][\/et_pb_row][et_pb_row _builder_version=\u00a0\u00bb4.27.5&Prime; _module_preset=\u00a0\u00bbdefault\u00a0\u00bb custom_margin=\u00a0\u00bb|auto|-48px|auto||\u00a0\u00bb custom_padding=\u00a0\u00bb||0px|||\u00a0\u00bb global_colors_info=\u00a0\u00bb{}\u00a0\u00bb][et_pb_column type=\u00a0\u00bb4_4&Prime; _builder_version=\u00a0\u00bb4.27.4&Prime; _module_preset=\u00a0\u00bbdefault\u00a0\u00bb global_colors_info=\u00a0\u00bb{}\u00a0\u00bb][et_pb_divider color=\u00a0\u00bb#B3B3B3&Prime; _builder_version=\u00a0\u00bb4.16&Prime; width=\u00a0\u00bb20%\u00a0\u00bb module_alignment=\u00a0\u00bbleft\u00a0\u00bb custom_margin=\u00a0\u00bb0px||0px||false|false\u00a0\u00bb custom_padding=\u00a0\u00bb0px||0px||false|false\u00a0\u00bb global_colors_info=\u00a0\u00bb{}\u00a0\u00bb][\/et_pb_divider][et_pb_text _builder_version=\u00a0\u00bb4.27.5&Prime; _module_preset=\u00a0\u00bbdefault\u00a0\u00bb global_colors_info=\u00a0\u00bb{}\u00a0\u00bb]<\/p>\n<h2><span style=\"color: #000000;\"><strong>Les erreurs fr\u00e9quentes dans la gestion du mandat d\u2019achat formation<\/strong><\/span><\/h2>\n<p>[\/et_pb_text][et_pb_text _builder_version=\u00a0\u00bb4.27.6&Prime; _module_preset=\u00a0\u00bbdefault\u00a0\u00bb global_colors_info=\u00a0\u00bb{}\u00a0\u00bb]<\/p>\n<p><span style=\"color: #000000;\">Certaines difficult\u00e9s reviennent r\u00e9guli\u00e8rement :<\/span><\/p>\n<ul>\n<li><span style=\"color: #000000;\">dossiers incomplets,<\/span><\/li>\n<li><span style=\"color: #000000;\">justificatifs manquants,<\/span><\/li>\n<li><span style=\"color: #000000;\">d\u00e9lais mal anticip\u00e9s,<\/span><\/li>\n<li><span style=\"color: #000000;\">confusion entre remboursement et <strong>subrogation de paiement<\/strong>,<\/span><\/li>\n<li><span style=\"color: #000000;\">absence de suivi consolid\u00e9 des flux financiers.<\/span><\/li>\n<\/ul>\n<p><span style=\"color: #000000;\">Ces erreurs peuvent impacter directement la tr\u00e9sorerie et ralentir la mise en \u0153uvre des formations.<\/span><\/p>\n<p>[\/et_pb_text][et_pb_divider color=\u00a0\u00bb#B3B3B3&Prime; _builder_version=\u00a0\u00bb4.16&Prime; width=\u00a0\u00bb20%\u00a0\u00bb module_alignment=\u00a0\u00bbleft\u00a0\u00bb custom_margin=\u00a0\u00bb0px||0px||false|false\u00a0\u00bb custom_padding=\u00a0\u00bb0px||0px||false|false\u00a0\u00bb global_colors_info=\u00a0\u00bb{}\u00a0\u00bb][\/et_pb_divider][\/et_pb_column][\/et_pb_row][et_pb_row _builder_version=\u00a0\u00bb4.27.5&Prime; _module_preset=\u00a0\u00bbdefault\u00a0\u00bb min_height=\u00a0\u00bb567.3px\u00a0\u00bb custom_padding=\u00a0\u00bb||0px|||\u00a0\u00bb global_colors_info=\u00a0\u00bb{}\u00a0\u00bb][et_pb_column type=\u00a0\u00bb4_4&Prime; _builder_version=\u00a0\u00bb4.27.5&Prime; _module_preset=\u00a0\u00bbdefault\u00a0\u00bb global_colors_info=\u00a0\u00bb{}\u00a0\u00bb][et_pb_text _builder_version=\u00a0\u00bb4.27.6&Prime; _module_preset=\u00a0\u00bbdefault\u00a0\u00bb global_colors_info=\u00a0\u00bb{}\u00a0\u00bb]<\/p>\n<h2><strong>Faire du mandat d\u2019achat un outil de pilotage<\/strong><\/h2>\n<p>[\/et_pb_text][et_pb_text _builder_version=\u00a0\u00bb4.27.6&Prime; _module_preset=\u00a0\u00bbdefault\u00a0\u00bb global_colors_info=\u00a0\u00bb{}\u00a0\u00bb]<\/p>\n<p><span style=\"color: #000000;\">Le <strong>mandat d\u2019achat formation<\/strong> ne se limite pas \u00e0 une fonction administrative.<\/span><\/p>\n<p>[\/et_pb_text][et_pb_text _builder_version=\u00a0\u00bb4.27.6&Prime; _module_preset=\u00a0\u00bbdefault\u00a0\u00bb custom_margin=\u00a0\u00bb||||false|false\u00a0\u00bb custom_padding=\u00a0\u00bb14px|10px|3px|10px|false|false\u00a0\u00bb border_radii=\u00a0\u00bbon|20px|20px|20px|20px\u00a0\u00bb border_width_all=\u00a0\u00bb1px\u00a0\u00bb border_color_all=\u00a0\u00bb#15b4b6&Prime; box_shadow_style=\u00a0\u00bbpreset1&Prime; global_colors_info=\u00a0\u00bb{}\u00a0\u00bb]<\/p>\n<p><span style=\"color: #000000;\">Il constitue un outil de structuration des <strong>achats de formation<\/strong> et contribue \u00e0 am\u00e9liorer :<\/span><\/p>\n<ul>\n<li><span style=\"color: #000000;\">la visibilit\u00e9 budg\u00e9taire,<\/span><\/li>\n<li><span style=\"color: #000000;\">la gestion des flux financiers,<\/span><\/li>\n<li><span style=\"color: #000000;\">l\u2019organisation des relations fournisseurs.<\/span><\/li>\n<\/ul>\n<p>[\/et_pb_text][et_pb_text _builder_version=\u00a0\u00bb4.27.6&Prime; _module_preset=\u00a0\u00bbdefault\u00a0\u00bb global_colors_info=\u00a0\u00bb{}\u00a0\u00bb]<\/p>\n<p><span style=\"color: #000000;\">Dans un environnement r\u00e9glementaire et financier de plus en plus complexe, structurer cette fonction devient un v\u00e9ritable levier de performance.<\/span><\/p>\n<p>[\/et_pb_text][et_pb_divider color=\u00a0\u00bb#565656&Prime; _builder_version=\u00a0\u00bb4.27.6&Prime; width=\u00a0\u00bb50%\u00a0\u00bb module_alignment=\u00a0\u00bbcenter\u00a0\u00bb custom_margin=\u00a0\u00bb0px||0px||false|false\u00a0\u00bb custom_padding=\u00a0\u00bb0px||0px||false|false\u00a0\u00bb global_colors_info=\u00a0\u00bb{}\u00a0\u00bb][\/et_pb_divider][et_pb_text _builder_version=\u00a0\u00bb4.27.6&Prime; _module_preset=\u00a0\u00bbdefault\u00a0\u00bb global_colors_info=\u00a0\u00bb{}\u00a0\u00bb]<\/p>\n<h4 data-section-id=\"1074o0x\" data-start=\"56\" data-end=\"93\" style=\"text-align: center;\"><span style=\"color: #000000;\">Structurer ses achats de formation<\/span><\/h4>\n<p data-start=\"95\" data-end=\"256\" style=\"text-align: center;\"><em><span style=\"color: #000000;\">Mettre en place un <strong data-start=\"114\" data-end=\"142\">mandat d\u2019achat formation<\/strong> permet de s\u00e9curiser les paiements, simplifier la gestion des <strong data-start=\"204\" data-end=\"227\">achats de formation<\/strong> et mieux piloter son budget.<\/span><\/em><\/p>\n<p>[\/et_pb_text][et_pb_divider color=\u00a0\u00bb#565656&Prime; _builder_version=\u00a0\u00bb4.27.6&Prime; width=\u00a0\u00bb50%\u00a0\u00bb module_alignment=\u00a0\u00bbcenter\u00a0\u00bb custom_margin=\u00a0\u00bb0px||0px||false|false\u00a0\u00bb custom_padding=\u00a0\u00bb0px||0px||false|false\u00a0\u00bb global_colors_info=\u00a0\u00bb{}\u00a0\u00bb][\/et_pb_divider][\/et_pb_column][\/et_pb_row][et_pb_row _builder_version=\u00a0\u00bb4.27.6&Prime; global_colors_info=\u00a0\u00bb{}\u00a0\u00bb][et_pb_column type=\u00a0\u00bb4_4&Prime; _builder_version=\u00a0\u00bb4.16&Prime; global_colors_info=\u00a0\u00bb{}\u00a0\u00bb][et_pb_image src=\u00a0\u00bbhttps:\/\/www.noous.co\/blog\/wp-content\/uploads\/2022\/03\/Rapport-de-stage-Khadija-Boukhris.png\u00a0\u00bb _builder_version=\u00a0\u00bb4.27.5&Prime; width=\u00a0\u00bb34%\u00a0\u00bb module_alignment=\u00a0\u00bbcenter\u00a0\u00bb min_height=\u00a0\u00bb256.7px\u00a0\u00bb custom_margin=\u00a0\u00bb-50px||-147px||false|false\u00a0\u00bb animation_style=\u00a0\u00bbfade\u00a0\u00bb global_colors_info=\u00a0\u00bb{}\u00a0\u00bb][\/et_pb_image][et_pb_text _builder_version=\u00a0\u00bb4.16&Prime; custom_margin=\u00a0\u00bb0px||||false|false\u00a0\u00bb animation_style=\u00a0\u00bbfade\u00a0\u00bb global_colors_info=\u00a0\u00bb{}\u00a0\u00bb]<\/p>\n<p style=\"text-align: center;\">Mieux <a href=\"https:\/\/www.noous.co\/?utm_campaign=NOOUSletter&amp;utm_source=hs_email&amp;utm_medium=email&amp;_hsenc=p2ANqtz-81VTYtniugsIQq9Jdb3JZSvOGnG-h0c61ywKxqMVwW_w-robiFvQWBUjlm4IC7qvod8Ij8\">NOOUS<\/a> connaitre<br \/> Parfois, <a href=\"https:\/\/www.noous.co\/blog\/?utm_campaign=NOOUSletter&amp;utm_source=hs_email&amp;utm_medium=email&amp;_hsenc=p2ANqtz-81VTYtniugsIQq9Jdb3JZSvOGnG-h0c61ywKxqMVwW_w-robiFvQWBUjlm4IC7qvod8Ij8\">on \u00e9crit des articles<\/a><br \/> Souvent on partage du contenu sympa (et utile) sur <a href=\"https:\/\/www.linkedin.com\/company\/9495998\/admin\/\">LinkedIn<\/a><br \/> Comment ? Vous n&rsquo;\u00eates pas encore <a href=\"https:\/\/www.noous.co\/blog\/noousletter\/?utm_campaign=NOOUSletter&amp;utm_source=hs_email&amp;utm_medium=email&amp;_hsenc=p2ANqtz-81VTYtniugsIQq9Jdb3JZSvOGnG-h0c61ywKxqMVwW_w-robiFvQWBUjlm4IC7qvod8Ij8\">inscrit \u00e0 la NOOUSletter<\/a> ?<\/p>\n<p>[\/et_pb_text][et_pb_divider color=\u00a0\u00bb#b3b3b3&Prime; _builder_version=\u00a0\u00bb4.16&Prime; max_width=\u00a0\u00bb32%\u00a0\u00bb module_alignment=\u00a0\u00bbcenter\u00a0\u00bb custom_margin=\u00a0\u00bb50px|||||\u00a0\u00bb locked=\u00a0\u00bboff\u00a0\u00bb global_colors_info=\u00a0\u00bb{}\u00a0\u00bb][\/et_pb_divider][\/et_pb_column][\/et_pb_row][\/et_pb_section]<\/p>\n","protected":false},"excerpt":{"rendered":"<p>Dans le domaine de la formation professionnelle, plusieurs m\u00e9canismes structurent le financement et la gestion des prestations : mandat d\u2019achat formation, subrogation de paiement ou encore achat de formations. Ces notions sont parfois confondues alors qu\u2019elles r\u00e9pondent \u00e0 des logiques diff\u00e9rentes. Comprendre le fonctionnement du mandat d\u2019achat formation permet aux entreprises de mieux organiser leurs [&hellip;]<\/p>\n","protected":false},"author":42,"featured_media":17486,"comment_status":"closed","ping_status":"closed","sticky":false,"template":"","format":"standard","meta":{"_et_pb_use_builder":"on","_et_pb_old_content":"","_et_gb_content_width":"","content-type":"","footnotes":""},"categories":[326],"tags":[618,622,621,624,625,620,617,626,623,619],"class_list":["post-17485","post","type-post","status-publish","format-standard","has-post-thumbnail","hentry","category-formation-professionnelle","tag-achat-de-formations","tag-externalisation-gestion-formation","tag-financement-formation-entreprise","tag-financement-formation-professionnelle","tag-gestion-administrative-formation","tag-gestion-des-achats-de-formation","tag-mandat-dachat-formation","tag-optimisation-tresorerie-formation","tag-pilotage-budget-formation","tag-subrogation-de-paiement"],"yoast_head":"<!-- This site is optimized with the Yoast SEO Premium plugin v26.5 (Yoast SEO v26.5) - https:\/\/yoast.com\/wordpress\/plugins\/seo\/ -->\n<title>Mandat d\u2019achat : fonctionnement, subrogation de paiement et gestion - NOOUS I Le Blog<\/title>\n<meta name=\"description\" content=\"D\u00e9couvrez le mandat d\u2019achat formation et son fonctionnement pour optimiser vos achats de formation professionnelle.\" \/>\n<meta name=\"robots\" content=\"index, follow, max-snippet:-1, max-image-preview:large, max-video-preview:-1\" \/>\n<link rel=\"canonical\" href=\"https:\/\/www.noous.co\/blog\/formation-professionnelle\/mandat-achat-formation\/\" \/>\n<meta property=\"og:locale\" content=\"fr_FR\" \/>\n<meta property=\"og:type\" content=\"article\" \/>\n<meta property=\"og:title\" content=\"Mandat d\u2019achat : fonctionnement, subrogation de paiement et gestion\" \/>\n<meta property=\"og:description\" content=\"D\u00e9couvrez le mandat d\u2019achat formation et son fonctionnement pour optimiser vos achats de formation professionnelle.\" \/>\n<meta property=\"og:url\" content=\"https:\/\/www.noous.co\/blog\/formation-professionnelle\/mandat-achat-formation\/\" \/>\n<meta property=\"og:site_name\" content=\"NOOUS I Le Blog\" \/>\n<meta property=\"article:published_time\" content=\"2026-03-12T15:09:20+00:00\" \/>\n<meta property=\"article:modified_time\" content=\"2026-04-16T12:50:49+00:00\" \/>\n<meta property=\"og:image\" content=\"https:\/\/www.noous.co\/blog\/wp-content\/uploads\/2026\/03\/Mandat-achat-formation-1024x373.png\" \/>\n\t<meta property=\"og:image:width\" content=\"1024\" \/>\n\t<meta property=\"og:image:height\" content=\"373\" \/>\n\t<meta property=\"og:image:type\" content=\"image\/png\" \/>\n<meta name=\"author\" content=\"Llona Bov\u00e9\" \/>\n<meta name=\"twitter:card\" content=\"summary_large_image\" \/>\n<meta name=\"twitter:label1\" content=\"\u00c9crit par\" \/>\n\t<meta name=\"twitter:data1\" content=\"Llona Bov\u00e9\" \/>\n\t<meta name=\"twitter:label2\" content=\"Dur\u00e9e de lecture estim\u00e9e\" \/>\n\t<meta name=\"twitter:data2\" content=\"6 minutes\" \/>\n<script type=\"application\/ld+json\" class=\"yoast-schema-graph\">{\"@context\":\"https:\/\/schema.org\",\"@graph\":[{\"@type\":\"WebPage\",\"@id\":\"https:\/\/www.noous.co\/blog\/formation-professionnelle\/mandat-achat-formation\/\",\"url\":\"https:\/\/www.noous.co\/blog\/formation-professionnelle\/mandat-achat-formation\/\",\"name\":\"Mandat d\u2019achat : fonctionnement, subrogation de paiement et gestion - NOOUS I Le Blog\",\"isPartOf\":{\"@id\":\"https:\/\/www.noous.co\/blog\/#website\"},\"primaryImageOfPage\":{\"@id\":\"https:\/\/www.noous.co\/blog\/formation-professionnelle\/mandat-achat-formation\/#primaryimage\"},\"image\":{\"@id\":\"https:\/\/www.noous.co\/blog\/formation-professionnelle\/mandat-achat-formation\/#primaryimage\"},\"thumbnailUrl\":\"https:\/\/www.noous.co\/blog\/wp-content\/uploads\/2026\/03\/Mandat-achat-formation-scaled.png\",\"datePublished\":\"2026-03-12T15:09:20+00:00\",\"dateModified\":\"2026-04-16T12:50:49+00:00\",\"author\":{\"@id\":\"https:\/\/www.noous.co\/blog\/#\/schema\/person\/280df89df2886750d9ed0aaa0519c837\"},\"description\":\"D\u00e9couvrez le mandat d\u2019achat formation et son fonctionnement pour optimiser vos achats de formation professionnelle.\",\"breadcrumb\":{\"@id\":\"https:\/\/www.noous.co\/blog\/formation-professionnelle\/mandat-achat-formation\/#breadcrumb\"},\"inLanguage\":\"fr-FR\",\"potentialAction\":[{\"@type\":\"ReadAction\",\"target\":[\"https:\/\/www.noous.co\/blog\/formation-professionnelle\/mandat-achat-formation\/\"]}]},{\"@type\":\"ImageObject\",\"inLanguage\":\"fr-FR\",\"@id\":\"https:\/\/www.noous.co\/blog\/formation-professionnelle\/mandat-achat-formation\/#primaryimage\",\"url\":\"https:\/\/www.noous.co\/blog\/wp-content\/uploads\/2026\/03\/Mandat-achat-formation-scaled.png\",\"contentUrl\":\"https:\/\/www.noous.co\/blog\/wp-content\/uploads\/2026\/03\/Mandat-achat-formation-scaled.png\",\"width\":2560,\"height\":934,\"caption\":\"Mandat achat formation\"},{\"@type\":\"BreadcrumbList\",\"@id\":\"https:\/\/www.noous.co\/blog\/formation-professionnelle\/mandat-achat-formation\/#breadcrumb\",\"itemListElement\":[{\"@type\":\"ListItem\",\"position\":1,\"name\":\"Accueil\",\"item\":\"https:\/\/www.noous.co\/blog\/\"},{\"@type\":\"ListItem\",\"position\":2,\"name\":\"Mandat d\u2019achat : fonctionnement, subrogation de paiement et gestion\"}]},{\"@type\":\"WebSite\",\"@id\":\"https:\/\/www.noous.co\/blog\/#website\",\"url\":\"https:\/\/www.noous.co\/blog\/\",\"name\":\"NOOUS I Le Blog\",\"description\":\"Le blog des richesses humaines\",\"potentialAction\":[{\"@type\":\"SearchAction\",\"target\":{\"@type\":\"EntryPoint\",\"urlTemplate\":\"https:\/\/www.noous.co\/blog\/?s={search_term_string}\"},\"query-input\":{\"@type\":\"PropertyValueSpecification\",\"valueRequired\":true,\"valueName\":\"search_term_string\"}}],\"inLanguage\":\"fr-FR\"},{\"@type\":\"Person\",\"@id\":\"https:\/\/www.noous.co\/blog\/#\/schema\/person\/280df89df2886750d9ed0aaa0519c837\",\"name\":\"Llona Bov\u00e9\"}]}<\/script>\n<!-- \/ Yoast SEO Premium plugin. -->","yoast_head_json":{"title":"Mandat d\u2019achat : fonctionnement, subrogation de paiement et gestion - NOOUS I Le Blog","description":"D\u00e9couvrez le mandat d\u2019achat formation et son fonctionnement pour optimiser vos achats de formation professionnelle.","robots":{"index":"index","follow":"follow","max-snippet":"max-snippet:-1","max-image-preview":"max-image-preview:large","max-video-preview":"max-video-preview:-1"},"canonical":"https:\/\/www.noous.co\/blog\/formation-professionnelle\/mandat-achat-formation\/","og_locale":"fr_FR","og_type":"article","og_title":"Mandat d\u2019achat : fonctionnement, subrogation de paiement et gestion","og_description":"D\u00e9couvrez le mandat d\u2019achat formation et son fonctionnement pour optimiser vos achats de formation professionnelle.","og_url":"https:\/\/www.noous.co\/blog\/formation-professionnelle\/mandat-achat-formation\/","og_site_name":"NOOUS I Le Blog","article_published_time":"2026-03-12T15:09:20+00:00","article_modified_time":"2026-04-16T12:50:49+00:00","og_image":[{"width":1024,"height":373,"url":"https:\/\/www.noous.co\/blog\/wp-content\/uploads\/2026\/03\/Mandat-achat-formation-1024x373.png","type":"image\/png"}],"author":"Llona Bov\u00e9","twitter_card":"summary_large_image","twitter_misc":{"\u00c9crit par":"Llona Bov\u00e9","Dur\u00e9e de lecture estim\u00e9e":"6 minutes"},"schema":{"@context":"https:\/\/schema.org","@graph":[{"@type":"WebPage","@id":"https:\/\/www.noous.co\/blog\/formation-professionnelle\/mandat-achat-formation\/","url":"https:\/\/www.noous.co\/blog\/formation-professionnelle\/mandat-achat-formation\/","name":"Mandat d\u2019achat : fonctionnement, subrogation de paiement et gestion - NOOUS I Le Blog","isPartOf":{"@id":"https:\/\/www.noous.co\/blog\/#website"},"primaryImageOfPage":{"@id":"https:\/\/www.noous.co\/blog\/formation-professionnelle\/mandat-achat-formation\/#primaryimage"},"image":{"@id":"https:\/\/www.noous.co\/blog\/formation-professionnelle\/mandat-achat-formation\/#primaryimage"},"thumbnailUrl":"https:\/\/www.noous.co\/blog\/wp-content\/uploads\/2026\/03\/Mandat-achat-formation-scaled.png","datePublished":"2026-03-12T15:09:20+00:00","dateModified":"2026-04-16T12:50:49+00:00","author":{"@id":"https:\/\/www.noous.co\/blog\/#\/schema\/person\/280df89df2886750d9ed0aaa0519c837"},"description":"D\u00e9couvrez le mandat d\u2019achat formation et son fonctionnement pour optimiser vos achats de formation professionnelle.","breadcrumb":{"@id":"https:\/\/www.noous.co\/blog\/formation-professionnelle\/mandat-achat-formation\/#breadcrumb"},"inLanguage":"fr-FR","potentialAction":[{"@type":"ReadAction","target":["https:\/\/www.noous.co\/blog\/formation-professionnelle\/mandat-achat-formation\/"]}]},{"@type":"ImageObject","inLanguage":"fr-FR","@id":"https:\/\/www.noous.co\/blog\/formation-professionnelle\/mandat-achat-formation\/#primaryimage","url":"https:\/\/www.noous.co\/blog\/wp-content\/uploads\/2026\/03\/Mandat-achat-formation-scaled.png","contentUrl":"https:\/\/www.noous.co\/blog\/wp-content\/uploads\/2026\/03\/Mandat-achat-formation-scaled.png","width":2560,"height":934,"caption":"Mandat achat formation"},{"@type":"BreadcrumbList","@id":"https:\/\/www.noous.co\/blog\/formation-professionnelle\/mandat-achat-formation\/#breadcrumb","itemListElement":[{"@type":"ListItem","position":1,"name":"Accueil","item":"https:\/\/www.noous.co\/blog\/"},{"@type":"ListItem","position":2,"name":"Mandat d\u2019achat : fonctionnement, subrogation de paiement et gestion"}]},{"@type":"WebSite","@id":"https:\/\/www.noous.co\/blog\/#website","url":"https:\/\/www.noous.co\/blog\/","name":"NOOUS I Le Blog","description":"Le blog des richesses humaines","potentialAction":[{"@type":"SearchAction","target":{"@type":"EntryPoint","urlTemplate":"https:\/\/www.noous.co\/blog\/?s={search_term_string}"},"query-input":{"@type":"PropertyValueSpecification","valueRequired":true,"valueName":"search_term_string"}}],"inLanguage":"fr-FR"},{"@type":"Person","@id":"https:\/\/www.noous.co\/blog\/#\/schema\/person\/280df89df2886750d9ed0aaa0519c837","name":"Llona Bov\u00e9"}]}},"_links":{"self":[{"href":"https:\/\/www.noous.co\/blog\/wp-json\/wp\/v2\/posts\/17485","targetHints":{"allow":["GET"]}}],"collection":[{"href":"https:\/\/www.noous.co\/blog\/wp-json\/wp\/v2\/posts"}],"about":[{"href":"https:\/\/www.noous.co\/blog\/wp-json\/wp\/v2\/types\/post"}],"author":[{"embeddable":true,"href":"https:\/\/www.noous.co\/blog\/wp-json\/wp\/v2\/users\/42"}],"replies":[{"embeddable":true,"href":"https:\/\/www.noous.co\/blog\/wp-json\/wp\/v2\/comments?post=17485"}],"version-history":[{"count":33,"href":"https:\/\/www.noous.co\/blog\/wp-json\/wp\/v2\/posts\/17485\/revisions"}],"predecessor-version":[{"id":18459,"href":"https:\/\/www.noous.co\/blog\/wp-json\/wp\/v2\/posts\/17485\/revisions\/18459"}],"wp:featuredmedia":[{"embeddable":true,"href":"https:\/\/www.noous.co\/blog\/wp-json\/wp\/v2\/media\/17486"}],"wp:attachment":[{"href":"https:\/\/www.noous.co\/blog\/wp-json\/wp\/v2\/media?parent=17485"}],"wp:term":[{"taxonomy":"category","embeddable":true,"href":"https:\/\/www.noous.co\/blog\/wp-json\/wp\/v2\/categories?post=17485"},{"taxonomy":"post_tag","embeddable":true,"href":"https:\/\/www.noous.co\/blog\/wp-json\/wp\/v2\/tags?post=17485"}],"curies":[{"name":"wp","href":"https:\/\/api.w.org\/{rel}","templated":true}]}}