{"id":17123,"date":"2026-01-28T17:09:40","date_gmt":"2026-01-28T16:09:40","guid":{"rendered":"https:\/\/www.noous.co\/blog\/?p=17123"},"modified":"2026-04-29T12:42:24","modified_gmt":"2026-04-29T10:42:24","slug":"logiciel-de-gestion-de-formation-structurer-son-plan-efficacement","status":"publish","type":"post","link":"https:\/\/www.noous.co\/blog\/formation-professionnelle\/logiciel-de-gestion-de-formation-structurer-son-plan-efficacement\/","title":{"rendered":"Logiciel de gestion de formation : structurer son plan efficacement"},"content":{"rendered":"<p>[et_pb_section fb_built=\u00a0\u00bb1&Prime; admin_label=\u00a0\u00bbHeader\u00a0\u00bb _builder_version=\u00a0\u00bb4.27.5&Prime; _module_preset=\u00a0\u00bbdefault\u00a0\u00bb background_color=\u00a0\u00bbRGBA(255,255,255,0)\u00a0\u00bb background_enable_image=\u00a0\u00bboff\u00a0\u00bb custom_padding=\u00a0\u00bb0px|||||\u00a0\u00bb global_colors_info=\u00a0\u00bb{}\u00a0\u00bb theme_builder_area=\u00a0\u00bbpost_content\u00a0\u00bb][et_pb_row _builder_version=\u00a0\u00bb4.16&Prime; _module_preset=\u00a0\u00bbdefault\u00a0\u00bb global_colors_info=\u00a0\u00bb{}\u00a0\u00bb theme_builder_area=\u00a0\u00bbpost_content\u00a0\u00bb][et_pb_column type=\u00a0\u00bb4_4&Prime; _builder_version=\u00a0\u00bb4.16&Prime; _module_preset=\u00a0\u00bbdefault\u00a0\u00bb global_colors_info=\u00a0\u00bb{}\u00a0\u00bb theme_builder_area=\u00a0\u00bbpost_content\u00a0\u00bb][et_pb_text _builder_version=\u00a0\u00bb4.27.5&Prime; _module_preset=\u00a0\u00bbb53a70bb-9f62-4ee5-b34f-c7a321ddbf6c\u00a0\u00bb header_font=\u00a0\u00bbPoppins|600|||||||\u00a0\u00bb header_text_color=\u00a0\u00bb#000763&Prime; header_font_size=\u00a0\u00bb72px\u00a0\u00bb header_line_height=\u00a0\u00bb1.2em\u00a0\u00bb max_width=\u00a0\u00bb700px\u00a0\u00bb custom_margin=\u00a0\u00bb|-9px|10px|-65px|false|false\u00a0\u00bb custom_padding=\u00a0\u00bb|0px||||\u00a0\u00bb header_font_size_tablet=\u00a0\u00bb40px\u00a0\u00bb header_font_size_phone=\u00a0\u00bb24px\u00a0\u00bb header_font_size_last_edited=\u00a0\u00bbon|tablet\u00a0\u00bb header_line_height_tablet=\u00a0\u00bb1.3em\u00a0\u00bb header_line_height_phone=\u00a0\u00bb1.5em\u00a0\u00bb header_line_height_last_edited=\u00a0\u00bbon|desktop\u00a0\u00bb global_colors_info=\u00a0\u00bb{}\u00a0\u00bb theme_builder_area=\u00a0\u00bbpost_content\u00a0\u00bb]<\/p>\n<h2>Le d\u00e9but d&rsquo;ann\u00e9e, un moment cl\u00e9 ? Mais pourquoi ?<\/h2>\n<p>[\/et_pb_text][et_pb_text _builder_version=\u00a0\u00bb4.27.5&Prime; _module_preset=\u00a0\u00bbdefault\u00a0\u00bb width=\u00a0\u00bb100%\u00a0\u00bb custom_margin=\u00a0\u00bb|-36px||-67px||\u00a0\u00bb custom_padding=\u00a0\u00bb|0px||||\u00a0\u00bb global_colors_info=\u00a0\u00bb{}\u00a0\u00bb theme_builder_area=\u00a0\u00bbpost_content\u00a0\u00bb]<\/p>\n<p>Le d\u00e9but d\u2019ann\u00e9e constitue un temps fort pour les \u00e9quipes RH. C\u2019est \u00e0 cette p\u00e9riode que se construit le plan de formation, un outil central pour r\u00e9pondre aux obligations l\u00e9gales, accompagner le d\u00e9veloppement des comp\u00e9tences et soutenir la performance globale de l\u2019entreprise.<\/p>\n<p>[\/et_pb_text][\/et_pb_column][\/et_pb_row][et_pb_row column_structure=\u00a0\u00bb1_2,1_2&Prime; _builder_version=\u00a0\u00bb4.16&Prime; _module_preset=\u00a0\u00bbdefault\u00a0\u00bb width=\u00a0\u00bb88.9%\u00a0\u00bb custom_margin=\u00a0\u00bb|auto||20px||\u00a0\u00bb global_colors_info=\u00a0\u00bb{}\u00a0\u00bb theme_builder_area=\u00a0\u00bbpost_content\u00a0\u00bb][et_pb_column type=\u00a0\u00bb1_2&Prime; _builder_version=\u00a0\u00bb4.16&Prime; _module_preset=\u00a0\u00bbdefault\u00a0\u00bb overflow-x=\u00a0\u00bbvisible\u00a0\u00bb overflow-y=\u00a0\u00bbvisible\u00a0\u00bb border_radii=\u00a0\u00bboff||200px|200px|\u00a0\u00bb border_width_all=\u00a0\u00bb4px\u00a0\u00bb border_color_all=\u00a0\u00bb#FF6734&Prime; global_colors_info=\u00a0\u00bb{}\u00a0\u00bb theme_builder_area=\u00a0\u00bbpost_content\u00a0\u00bb][et_pb_image src=\u00a0\u00bbhttps:\/\/www.noous.co\/blog\/wp-content\/uploads\/2026\/01\/Design-sans-titre-2.png\u00a0\u00bb title_text=\u00a0\u00bbDesign sans titre (2)\u00a0\u00bb _builder_version=\u00a0\u00bb4.27.5&Prime; _module_preset=\u00a0\u00bbdefault\u00a0\u00bb transform_translate=\u00a0\u00bb-20px|-20px\u00a0\u00bb transform_translate_linked=\u00a0\u00bboff\u00a0\u00bb mix_blend_mode=\u00a0\u00bbdifference\u00a0\u00bb border_radii=\u00a0\u00bboff||200px|200px|\u00a0\u00bb locked=\u00a0\u00bboff\u00a0\u00bb global_colors_info=\u00a0\u00bb{}\u00a0\u00bb theme_builder_area=\u00a0\u00bbpost_content\u00a0\u00bb][\/et_pb_image][\/et_pb_column][et_pb_column type=\u00a0\u00bb1_2&Prime; _builder_version=\u00a0\u00bb4.16&Prime; _module_preset=\u00a0\u00bbdefault\u00a0\u00bb global_colors_info=\u00a0\u00bb{}\u00a0\u00bb theme_builder_area=\u00a0\u00bbpost_content\u00a0\u00bb][et_pb_text _builder_version=\u00a0\u00bb4.27.5&Prime; _module_preset=\u00a0\u00bbdefault\u00a0\u00bb global_colors_info=\u00a0\u00bb{}\u00a0\u00bb theme_builder_area=\u00a0\u00bbpost_content\u00a0\u00bb]<\/p>\n<p>Bien plus qu\u2019un simple exercice administratif, le plan de formation refl\u00e8te les priorit\u00e9s strat\u00e9giques de l\u2019organisation. Encore faut-il disposer d\u2019une m\u00e9thode claire pour le structurer, le piloter et le faire \u00e9voluer tout au long de l\u2019ann\u00e9e<\/p>\n<p>[\/et_pb_text][\/et_pb_column][\/et_pb_row][\/et_pb_section][et_pb_section fb_built=\u00a0\u00bb1&Prime; _builder_version=\u00a0\u00bb4.27.5&Prime; _module_preset=\u00a0\u00bbdefault\u00a0\u00bb custom_margin=\u00a0\u00bb-41px|||||\u00a0\u00bb custom_padding=\u00a0\u00bb3px||0px|||\u00a0\u00bb global_colors_info=\u00a0\u00bb{}\u00a0\u00bb theme_builder_area=\u00a0\u00bbpost_content\u00a0\u00bb][et_pb_row _builder_version=\u00a0\u00bb4.27.5&Prime; _module_preset=\u00a0\u00bbdefault\u00a0\u00bb width=\u00a0\u00bb91.5%\u00a0\u00bb custom_margin=\u00a0\u00bb|auto||0px||\u00a0\u00bb custom_padding=\u00a0\u00bb||0px|||\u00a0\u00bb global_colors_info=\u00a0\u00bb{}\u00a0\u00bb theme_builder_area=\u00a0\u00bbpost_content\u00a0\u00bb][et_pb_column type=\u00a0\u00bb4_4&Prime; _builder_version=\u00a0\u00bb4.27.5&Prime; _module_preset=\u00a0\u00bbdefault\u00a0\u00bb global_colors_info=\u00a0\u00bb{}\u00a0\u00bb theme_builder_area=\u00a0\u00bbpost_content\u00a0\u00bb][et_pb_text _builder_version=\u00a0\u00bb4.27.5&Prime; _module_preset=\u00a0\u00bbdefault\u00a0\u00bb custom_margin=\u00a0\u00bb||34px|||\u00a0\u00bb global_colors_info=\u00a0\u00bb{}\u00a0\u00bb theme_builder_area=\u00a0\u00bbpost_content\u00a0\u00bb]<\/p>\n<h3><strong>Le plan de formation : un levier strat\u00e9gique pour la performance et les comp\u00e9tences<\/strong><\/h3>\n<p>[\/et_pb_text][et_pb_text _builder_version=\u00a0\u00bb4.27.5&Prime; _module_preset=\u00a0\u00bbdefault\u00a0\u00bb custom_margin=\u00a0\u00bb-30px|||||\u00a0\u00bb global_colors_info=\u00a0\u00bb{}\u00a0\u00bb theme_builder_area=\u00a0\u00bbpost_content\u00a0\u00bb]<\/p>\n<p>Le plan de formation permet d\u2019anticiper les besoins en comp\u00e9tences, de s\u00e9curiser les parcours professionnels et d\u2019accompagner les transformations de l\u2019entreprise.<\/p>\n<h4><strong>Des enjeux r\u00e9glementaires aux enjeux business<\/strong><\/h4>\n<p>Il r\u00e9pond \u00e0 des <a href=\"https:\/\/www.service-public.gouv.fr\/particuliers\/vosdroits\/F1911\">exigences l\u00e9gales<\/a> pr\u00e9cises, mais joue \u00e9galement un r\u00f4le cl\u00e9 dans :<\/p>\n<ul>\n<li>la fid\u00e9lisation des talents,<\/li>\n<li>l\u2019adaptation aux \u00e9volutions des m\u00e9tiers,<\/li>\n<li>l\u2019am\u00e9lioration de la performance collective,<\/li>\n<li>la structuration d\u2019une politique RH coh\u00e9rente.<\/li>\n<\/ul>\n<p>Pour remplir pleinement son r\u00f4le, le plan de formation doit \u00eatre pilot\u00e9 avec rigueur, visibilit\u00e9 et agilit\u00e9.<\/p>\n<p>[\/et_pb_text][et_pb_divider color=\u00a0\u00bb#000000&Prime; _builder_version=\u00a0\u00bb4.27.5&Prime; _module_preset=\u00a0\u00bbdefault\u00a0\u00bb width=\u00a0\u00bb25%\u00a0\u00bb custom_margin=\u00a0\u00bb||-17px|||\u00a0\u00bb global_colors_info=\u00a0\u00bb{}\u00a0\u00bb theme_builder_area=\u00a0\u00bbpost_content\u00a0\u00bb][\/et_pb_divider][\/et_pb_column][\/et_pb_row][et_pb_row _builder_version=\u00a0\u00bb4.27.5&Prime; _module_preset=\u00a0\u00bbdefault\u00a0\u00bb width=\u00a0\u00bb91.5%\u00a0\u00bb custom_margin=\u00a0\u00bb-5px|auto||0px||\u00a0\u00bb custom_padding=\u00a0\u00bb||0px|||\u00a0\u00bb global_colors_info=\u00a0\u00bb{}\u00a0\u00bb theme_builder_area=\u00a0\u00bbpost_content\u00a0\u00bb][et_pb_column type=\u00a0\u00bb4_4&Prime; _builder_version=\u00a0\u00bb4.27.5&Prime; _module_preset=\u00a0\u00bbdefault\u00a0\u00bb global_colors_info=\u00a0\u00bb{}\u00a0\u00bb theme_builder_area=\u00a0\u00bbpost_content\u00a0\u00bb][et_pb_text _builder_version=\u00a0\u00bb4.27.5&Prime; _module_preset=\u00a0\u00bbdefault\u00a0\u00bb global_colors_info=\u00a0\u00bb{}\u00a0\u00bb theme_builder_area=\u00a0\u00bbpost_content\u00a0\u00bb]<\/p>\n<h3><strong>Gestion du plan de formation : les limites d\u2019une organisation manuelle<\/strong><\/h3>\n<p>[\/et_pb_text][et_pb_text _builder_version=\u00a0\u00bb4.27.5&Prime; _module_preset=\u00a0\u00bbdefault\u00a0\u00bb custom_margin=\u00a0\u00bb-19px|||||\u00a0\u00bb custom_padding=\u00a0\u00bb0px|||||\u00a0\u00bb global_colors_info=\u00a0\u00bb{}\u00a0\u00bb theme_builder_area=\u00a0\u00bbpost_content\u00a0\u00bb]<\/p>\n<p>Dans de nombreuses entreprises, la gestion du plan de formation repose encore sur des fichiers Excel, des \u00e9changes d\u2019emails et des documents \u00e9parpill\u00e9s.<\/p>\n<h4><strong>Excel, emails et manque de visibilit\u00e9 : des freins encore fr\u00e9quents<\/strong><\/h4>\n<p>Cette organisation fragment\u00e9e entra\u00eene rapidement :<\/p>\n<ul>\n<li>une perte de temps importante pour les \u00e9quipes RH,<\/li>\n<li>un manque de visibilit\u00e9 sur les besoins et les budgets engag\u00e9s,<\/li>\n<li>des risques d\u2019erreurs dans la planification et le suivi,<\/li>\n<li>des difficult\u00e9s \u00e0 assurer la tra\u00e7abilit\u00e9 et la conformit\u00e9 r\u00e9glementaire.<\/li>\n<\/ul>\n<p>Face \u00e0 la complexit\u00e9 croissante des dispositifs de formation, ces m\u00e9thodes atteignent vite leurs limites.<\/p>\n<p>[\/et_pb_text][et_pb_divider color=\u00a0\u00bb#000000&Prime; _builder_version=\u00a0\u00bb4.27.5&Prime; _module_preset=\u00a0\u00bbdefault\u00a0\u00bb width=\u00a0\u00bb25%\u00a0\u00bb custom_margin=\u00a0\u00bb||-17px|||\u00a0\u00bb global_colors_info=\u00a0\u00bb{}\u00a0\u00bb theme_builder_area=\u00a0\u00bbpost_content\u00a0\u00bb][\/et_pb_divider][\/et_pb_column][\/et_pb_row][et_pb_row _builder_version=\u00a0\u00bb4.27.5&Prime; _module_preset=\u00a0\u00bbdefault\u00a0\u00bb width=\u00a0\u00bb91.5%\u00a0\u00bb custom_margin=\u00a0\u00bb-5px|auto||0px||\u00a0\u00bb custom_padding=\u00a0\u00bb||0px|||\u00a0\u00bb global_colors_info=\u00a0\u00bb{}\u00a0\u00bb theme_builder_area=\u00a0\u00bbpost_content\u00a0\u00bb][et_pb_column type=\u00a0\u00bb4_4&Prime; _builder_version=\u00a0\u00bb4.27.5&Prime; _module_preset=\u00a0\u00bbdefault\u00a0\u00bb global_colors_info=\u00a0\u00bb{}\u00a0\u00bb theme_builder_area=\u00a0\u00bbpost_content\u00a0\u00bb][et_pb_text _builder_version=\u00a0\u00bb4.27.5&Prime; _module_preset=\u00a0\u00bbdefault\u00a0\u00bb custom_margin=\u00a0\u00bb-16px||3px|||\u00a0\u00bb global_colors_info=\u00a0\u00bb{}\u00a0\u00bb theme_builder_area=\u00a0\u00bbpost_content\u00a0\u00bb]<\/p>\n<h3><strong>Pourquoi digitaliser la gestion du plan de formation ?<\/strong><\/h3>\n<p>[\/et_pb_text][et_pb_text _builder_version=\u00a0\u00bb4.27.5&Prime; _module_preset=\u00a0\u00bbdefault\u00a0\u00bb custom_margin=\u00a0\u00bb-6px|||||\u00a0\u00bb global_colors_info=\u00a0\u00bb{}\u00a0\u00bb theme_builder_area=\u00a0\u00bbpost_content\u00a0\u00bb]<\/p>\n<p>La <a href=\"https:\/\/www.noous.co\/blog\/solutions-digitales\/digitalisation-gestion-formation-entreprise\/\"><strong data-start=\"590\" data-end=\"625\">digitalisation des pratiques RH<\/strong><\/a> s\u2019impose aujourd\u2019hui comme un levier essentiel pour structurer la gestion du plan de formation, fiabiliser les donn\u00e9es et am\u00e9liorer le pilotage des actions de formatio<\/p>\n<h4><strong>Centraliser les donn\u00e9es et fiabiliser le pilotage RH<\/strong><\/h4>\n<p>Un outil digital offre une vision globale et \u00e0 jour des actions de formation, des besoins exprim\u00e9s et des budgets consomm\u00e9s. Les donn\u00e9es sont centralis\u00e9es, accessibles et fiabilis\u00e9es.<\/p>\n<h4><strong>Gagner du temps sur les t\u00e2ches administratives<\/strong><\/h4>\n<p>L\u2019automatisation des t\u00e2ches r\u00e9p\u00e9titives (convocations, relances, suivi administratif) lib\u00e8re du temps pour des missions \u00e0 plus forte valeur ajout\u00e9e, comme l\u2019analyse des besoins ou l\u2019accompagnement des managers.<\/p>\n<h4><strong>S\u00e9curiser la conformit\u00e9 et les obligations l\u00e9gales<\/strong><\/h4>\n<p>La gestion des habilitations, des recyclages et des \u00e9ch\u00e9ances r\u00e9glementaires devient plus fiable gr\u00e2ce \u00e0 des alertes et des suivis automatis\u00e9s.<\/p>\n<p>[\/et_pb_text][et_pb_divider color=\u00a0\u00bb#000000&Prime; _builder_version=\u00a0\u00bb4.27.5&Prime; _module_preset=\u00a0\u00bbdefault\u00a0\u00bb width=\u00a0\u00bb25%\u00a0\u00bb custom_margin=\u00a0\u00bb||-17px|||\u00a0\u00bb global_colors_info=\u00a0\u00bb{}\u00a0\u00bb theme_builder_area=\u00a0\u00bbpost_content\u00a0\u00bb][\/et_pb_divider][\/et_pb_column][\/et_pb_row][\/et_pb_section][et_pb_section fb_built=\u00a0\u00bb1&Prime; _builder_version=\u00a0\u00bb4.27.5&Prime; _module_preset=\u00a0\u00bbdefault\u00a0\u00bb custom_padding=\u00a0\u00bb0px||19px|||\u00a0\u00bb global_colors_info=\u00a0\u00bb{}\u00a0\u00bb theme_builder_area=\u00a0\u00bbpost_content\u00a0\u00bb][et_pb_row _builder_version=\u00a0\u00bb4.27.5&Prime; _module_preset=\u00a0\u00bbdefault\u00a0\u00bb custom_margin=\u00a0\u00bb|auto||1px||\u00a0\u00bb global_colors_info=\u00a0\u00bb{}\u00a0\u00bb theme_builder_area=\u00a0\u00bbpost_content\u00a0\u00bb][et_pb_column type=\u00a0\u00bb4_4&Prime; _builder_version=\u00a0\u00bb4.27.5&Prime; _module_preset=\u00a0\u00bbdefault\u00a0\u00bb global_colors_info=\u00a0\u00bb{}\u00a0\u00bb theme_builder_area=\u00a0\u00bbpost_content\u00a0\u00bb][et_pb_text _builder_version=\u00a0\u00bb4.27.5&Prime; _module_preset=\u00a0\u00bbdefault\u00a0\u00bb custom_padding=\u00a0\u00bb||0px|||\u00a0\u00bb global_colors_info=\u00a0\u00bb{}\u00a0\u00bb theme_builder_area=\u00a0\u00bbpost_content\u00a0\u00bb]<\/p>\n<h3><strong>Quelles fonctionnalit\u00e9s attendre d\u2019un logiciel de gestion de formation professionnelle ?<\/strong><\/h3>\n<p>[\/et_pb_text][et_pb_text _builder_version=\u00a0\u00bb4.27.5&Prime; _module_preset=\u00a0\u00bbdefault\u00a0\u00bb global_colors_info=\u00a0\u00bb{}\u00a0\u00bb theme_builder_area=\u00a0\u00bbpost_content\u00a0\u00bb]<\/p>\n<p><span style=\"font-size: medium;\">Pour accompagner efficacement les \u00e9quipes RH, un <span style=\"color: #16b2b7;\"><a href=\"https:\/\/www.eleo.io\/\" style=\"color: #16b2b7;\"><strong>logiciel de gestion de formation professionnelle<\/strong><\/a> <\/span>doit couvrir l\u2019ensemble du cycle de vie du plan de formation.<\/span><\/p>\n<p>[\/et_pb_text][\/et_pb_column][\/et_pb_row][et_pb_row column_structure=\u00a0\u00bb1_3,1_3,1_3&Prime; _builder_version=\u00a0\u00bb4.27.5&Prime; _module_preset=\u00a0\u00bbdefault\u00a0\u00bb background_image=\u00a0\u00bbhttps:\/\/www.noous.co\/blog\/wp-content\/uploads\/2026\/01\/tutor-04.png\u00a0\u00bb background_size=\u00a0\u00bbcontain\u00a0\u00bb background_position=\u00a0\u00bbtop_center\u00a0\u00bb custom_margin=\u00a0\u00bb|auto|-451px|auto||\u00a0\u00bb custom_padding=\u00a0\u00bb||0px|||\u00a0\u00bb global_colors_info=\u00a0\u00bb{}\u00a0\u00bb theme_builder_area=\u00a0\u00bbpost_content\u00a0\u00bb][et_pb_column type=\u00a0\u00bb1_3&Prime; _builder_version=\u00a0\u00bb4.27.5&Prime; _module_preset=\u00a0\u00bbdefault\u00a0\u00bb global_colors_info=\u00a0\u00bb{}\u00a0\u00bb theme_builder_area=\u00a0\u00bbpost_content\u00a0\u00bb][et_pb_image src=\u00a0\u00bbhttps:\/\/www.noous.co\/blog\/wp-content\/uploads\/2026\/01\/catalogue-de-formation-scaled.png\u00a0\u00bb title_text=\u00a0\u00bbcatalogue de formation\u00a0\u00bb align=\u00a0\u00bbcenter\u00a0\u00bb _builder_version=\u00a0\u00bb4.27.5&Prime; _module_preset=\u00a0\u00bbdefault\u00a0\u00bb max_width=\u00a0\u00bb69%\u00a0\u00bb border_radii=\u00a0\u00bbon|100px|100px|100px|100px\u00a0\u00bb box_shadow_style=\u00a0\u00bbpreset2&Prime; global_colors_info=\u00a0\u00bb{}\u00a0\u00bb theme_builder_area=\u00a0\u00bbpost_content\u00a0\u00bb][\/et_pb_image][et_pb_text _builder_version=\u00a0\u00bb4.27.5&Prime; _module_preset=\u00a0\u00bbdefault\u00a0\u00bb text_font_size=\u00a0\u00bb23px\u00a0\u00bb background_color=\u00a0\u00bb#16B2B7&Prime; width=\u00a0\u00bb22%\u00a0\u00bb module_alignment=\u00a0\u00bbcenter\u00a0\u00bb custom_margin=\u00a0\u00bb-29px||||false|false\u00a0\u00bb custom_padding=\u00a0\u00bb0px||||false|false\u00a0\u00bb border_radii=\u00a0\u00bbon|72px|72px|72px|72px\u00a0\u00bb box_shadow_style=\u00a0\u00bbpreset3&Prime; global_colors_info=\u00a0\u00bb{}\u00a0\u00bb theme_builder_area=\u00a0\u00bbpost_content\u00a0\u00bb]<\/p>\n<p style=\"text-align: center;\"><strong><span style=\"color: #ffffff;\">1<\/span><\/strong><\/p>\n<p>[\/et_pb_text][et_pb_text _builder_version=\u00a0\u00bb4.27.5&Prime; _module_preset=\u00a0\u00bbdefault\u00a0\u00bb global_colors_info=\u00a0\u00bb{}\u00a0\u00bb theme_builder_area=\u00a0\u00bbpost_content\u00a0\u00bb]<\/p>\n<p style=\"text-align: center;\"><strong>Un catalogue de formation structur\u00e9 et personnalisable<\/strong><\/p>\n<ul>\n<li style=\"text-align: left;\">Fiches formations compl\u00e8tes (objectifs, pr\u00e9requis, publics, modalit\u00e9s).<\/li>\n<li style=\"text-align: left;\">Cr\u00e9ation de parcours p\u00e9dagogiques regroupant plusieurs sessions.<\/li>\n<li style=\"text-align: left;\">Recherche avanc\u00e9e par comp\u00e9tences, m\u00e9tiers ou mots-cl\u00e9s.<\/li>\n<\/ul>\n<p>[\/et_pb_text][\/et_pb_column][et_pb_column type=\u00a0\u00bb1_3&Prime; _builder_version=\u00a0\u00bb4.27.5&Prime; _module_preset=\u00a0\u00bbdefault\u00a0\u00bb global_colors_info=\u00a0\u00bb{}\u00a0\u00bb theme_builder_area=\u00a0\u00bbpost_content\u00a0\u00bb][et_pb_image src=\u00a0\u00bbhttps:\/\/www.noous.co\/blog\/wp-content\/uploads\/2026\/01\/Collecte-donne-scaled.png\u00a0\u00bb title_text=\u00a0\u00bbCollecte donn\u00e9\u00a0\u00bb align=\u00a0\u00bbcenter\u00a0\u00bb _builder_version=\u00a0\u00bb4.27.5&Prime; _module_preset=\u00a0\u00bbdefault\u00a0\u00bb max_width=\u00a0\u00bb69%\u00a0\u00bb border_radii=\u00a0\u00bbon|100px|100px|100px|100px\u00a0\u00bb box_shadow_style=\u00a0\u00bbpreset2&Prime; global_colors_info=\u00a0\u00bb{}\u00a0\u00bb theme_builder_area=\u00a0\u00bbpost_content\u00a0\u00bb][\/et_pb_image][et_pb_text _builder_version=\u00a0\u00bb4.27.5&Prime; _module_preset=\u00a0\u00bbdefault\u00a0\u00bb text_font_size=\u00a0\u00bb23px\u00a0\u00bb background_color=\u00a0\u00bb#e98a03&Prime; width=\u00a0\u00bb22%\u00a0\u00bb module_alignment=\u00a0\u00bbcenter\u00a0\u00bb custom_margin=\u00a0\u00bb-29px||||false|false\u00a0\u00bb custom_padding=\u00a0\u00bb0px||||false|false\u00a0\u00bb border_radii=\u00a0\u00bbon|72px|72px|72px|72px\u00a0\u00bb box_shadow_style=\u00a0\u00bbpreset3&Prime; global_colors_info=\u00a0\u00bb{}\u00a0\u00bb theme_builder_area=\u00a0\u00bbpost_content\u00a0\u00bb]<\/p>\n<p style=\"text-align: center;\"><strong><span style=\"color: #ffffff;\">2<\/span><\/strong><\/p>\n<p>[\/et_pb_text][et_pb_text _builder_version=\u00a0\u00bb4.27.5&Prime; _module_preset=\u00a0\u00bbdefault\u00a0\u00bb global_colors_info=\u00a0\u00bb{}\u00a0\u00bb theme_builder_area=\u00a0\u00bbpost_content\u00a0\u00bb]<\/p>\n<p style=\"text-align: center;\"><strong>Une collecte et un arbitrage des besoins simplifi\u00e9s<\/strong><\/p>\n<ul>\n<li>Workflows adapt\u00e9s aux r\u00e8gles internes de l\u2019entreprise.<\/li>\n<li>Tableaux de synth\u00e8se pour faciliter les arbitrages strat\u00e9giques.<\/li>\n<li>Imports et exports pour fluidifier la gestion des donn\u00e9es.<\/li>\n<\/ul>\n<ul><\/ul>\n<p>[\/et_pb_text][\/et_pb_column][et_pb_column type=\u00a0\u00bb1_3&Prime; _builder_version=\u00a0\u00bb4.27.5&Prime; _module_preset=\u00a0\u00bbdefault\u00a0\u00bb global_colors_info=\u00a0\u00bb{}\u00a0\u00bb theme_builder_area=\u00a0\u00bbpost_content\u00a0\u00bb][et_pb_image src=\u00a0\u00bbhttps:\/\/www.noous.co\/blog\/wp-content\/uploads\/2026\/01\/Plannification-scaled.png\u00a0\u00bb title_text=\u00a0\u00bbPlannification\u00a0\u00bb align=\u00a0\u00bbcenter\u00a0\u00bb _builder_version=\u00a0\u00bb4.27.5&Prime; _module_preset=\u00a0\u00bbdefault\u00a0\u00bb max_width=\u00a0\u00bb69%\u00a0\u00bb border_radii=\u00a0\u00bbon|100px|100px|100px|100px\u00a0\u00bb box_shadow_style=\u00a0\u00bbpreset2&Prime; global_colors_info=\u00a0\u00bb{}\u00a0\u00bb theme_builder_area=\u00a0\u00bbpost_content\u00a0\u00bb][\/et_pb_image][et_pb_text _builder_version=\u00a0\u00bb4.27.5&Prime; _module_preset=\u00a0\u00bbdefault\u00a0\u00bb text_font_size=\u00a0\u00bb23px\u00a0\u00bb background_color=\u00a0\u00bb#9a83bb\u00a0\u00bb width=\u00a0\u00bb22%\u00a0\u00bb module_alignment=\u00a0\u00bbcenter\u00a0\u00bb custom_margin=\u00a0\u00bb-29px||||false|false\u00a0\u00bb custom_padding=\u00a0\u00bb0px||||false|false\u00a0\u00bb border_radii=\u00a0\u00bbon|72px|72px|72px|72px\u00a0\u00bb box_shadow_style=\u00a0\u00bbpreset3&Prime; global_colors_info=\u00a0\u00bb{}\u00a0\u00bb theme_builder_area=\u00a0\u00bbpost_content\u00a0\u00bb]<\/p>\n<p style=\"text-align: center;\"><strong><span style=\"color: #ffffff;\">3<\/span><\/strong><\/p>\n<p>[\/et_pb_text][et_pb_text _builder_version=\u00a0\u00bb4.27.5&Prime; _module_preset=\u00a0\u00bbdefault\u00a0\u00bb global_colors_info=\u00a0\u00bb{}\u00a0\u00bb theme_builder_area=\u00a0\u00bbpost_content\u00a0\u00bb]<\/p>\n<p style=\"text-align: center;\"><strong>Une planification et une logistique automatis\u00e9es<\/strong><\/p>\n<ul>\n<li>Envoi automatique des convocations et rappels.<\/li>\n<li>Suivi des co\u00fbts, des absences et des d\u00e9sistements.<\/li>\n<li>Centralisation des documents administratifs (feuilles de pr\u00e9sence, factures, attestations).<\/li>\n<\/ul>\n<p>[\/et_pb_text][\/et_pb_column][\/et_pb_row][et_pb_row column_structure=\u00a0\u00bb1_3,1_3,1_3&Prime; _builder_version=\u00a0\u00bb4.27.5&Prime; _module_preset=\u00a0\u00bbdefault\u00a0\u00bb background_enable_image=\u00a0\u00bboff\u00a0\u00bb background_size=\u00a0\u00bbcontain\u00a0\u00bb background_position=\u00a0\u00bbtop_center\u00a0\u00bb custom_margin=\u00a0\u00bb|auto|-451px|auto||\u00a0\u00bb custom_padding=\u00a0\u00bb||0px|||\u00a0\u00bb global_colors_info=\u00a0\u00bb{}\u00a0\u00bb theme_builder_area=\u00a0\u00bbpost_content\u00a0\u00bb][et_pb_column type=\u00a0\u00bb1_3&Prime; _builder_version=\u00a0\u00bb4.27.5&Prime; _module_preset=\u00a0\u00bbdefault\u00a0\u00bb global_colors_info=\u00a0\u00bb{}\u00a0\u00bb theme_builder_area=\u00a0\u00bbpost_content\u00a0\u00bb][\/et_pb_column][et_pb_column type=\u00a0\u00bb1_3&Prime; _builder_version=\u00a0\u00bb4.27.5&Prime; _module_preset=\u00a0\u00bbdefault\u00a0\u00bb global_colors_info=\u00a0\u00bb{}\u00a0\u00bb theme_builder_area=\u00a0\u00bbpost_content\u00a0\u00bb][et_pb_image src=\u00a0\u00bbhttps:\/\/www.noous.co\/blog\/wp-content\/uploads\/2026\/01\/Suivui-budget-scaled.png\u00a0\u00bb title_text=\u00a0\u00bbSuivui budget\u00a0\u00bb align=\u00a0\u00bbcenter\u00a0\u00bb _builder_version=\u00a0\u00bb4.27.5&Prime; _module_preset=\u00a0\u00bbdefault\u00a0\u00bb max_width=\u00a0\u00bb69%\u00a0\u00bb border_radii=\u00a0\u00bbon|100px|100px|100px|100px\u00a0\u00bb box_shadow_style=\u00a0\u00bbpreset2&Prime; global_colors_info=\u00a0\u00bb{}\u00a0\u00bb theme_builder_area=\u00a0\u00bbpost_content\u00a0\u00bb][\/et_pb_image][et_pb_text _builder_version=\u00a0\u00bb4.27.5&Prime; _module_preset=\u00a0\u00bbdefault\u00a0\u00bb text_font_size=\u00a0\u00bb23px\u00a0\u00bb background_color=\u00a0\u00bb#e6b613&Prime; width=\u00a0\u00bb22%\u00a0\u00bb module_alignment=\u00a0\u00bbcenter\u00a0\u00bb custom_margin=\u00a0\u00bb-29px||||false|false\u00a0\u00bb custom_padding=\u00a0\u00bb0px||||false|false\u00a0\u00bb border_radii=\u00a0\u00bbon|72px|72px|72px|72px\u00a0\u00bb box_shadow_style=\u00a0\u00bbpreset3&Prime; global_colors_info=\u00a0\u00bb{}\u00a0\u00bb theme_builder_area=\u00a0\u00bbpost_content\u00a0\u00bb]<\/p>\n<p style=\"text-align: center;\"><strong><span style=\"color: #ffffff;\">4<\/span><\/strong><\/p>\n<p>[\/et_pb_text][et_pb_text _builder_version=\u00a0\u00bb4.27.5&Prime; _module_preset=\u00a0\u00bbdefault\u00a0\u00bb global_colors_info=\u00a0\u00bb{}\u00a0\u00bb theme_builder_area=\u00a0\u00bbpost_content\u00a0\u00bb]<\/p>\n<p style=\"text-align: center;\"><strong>Un suivi en temps r\u00e9el des formations et des budgets<\/strong><\/p>\n<ul>\n<li>Visualisation du statut des demandes et de l\u2019historique.<\/li>\n<li>Reporting budg\u00e9taire instantan\u00e9 via des tableaux de bord et graphiques interactifs<\/li>\n<\/ul>\n<p>[\/et_pb_text][\/et_pb_column][et_pb_column type=\u00a0\u00bb1_3&Prime; _builder_version=\u00a0\u00bb4.27.5&Prime; _module_preset=\u00a0\u00bbdefault\u00a0\u00bb global_colors_info=\u00a0\u00bb{}\u00a0\u00bb theme_builder_area=\u00a0\u00bbpost_content\u00a0\u00bb][et_pb_image src=\u00a0\u00bbhttps:\/\/www.noous.co\/blog\/wp-content\/uploads\/2026\/01\/Collecte-besoin-scaled.png\u00a0\u00bb title_text=\u00a0\u00bbCollecte besoin\u00a0\u00bb align=\u00a0\u00bbcenter\u00a0\u00bb _builder_version=\u00a0\u00bb4.27.5&Prime; _module_preset=\u00a0\u00bbdefault\u00a0\u00bb max_width=\u00a0\u00bb69%\u00a0\u00bb border_radii=\u00a0\u00bbon|100px|100px|100px|100px\u00a0\u00bb box_shadow_style=\u00a0\u00bbpreset2&Prime; global_colors_info=\u00a0\u00bb{}\u00a0\u00bb theme_builder_area=\u00a0\u00bbpost_content\u00a0\u00bb][\/et_pb_image][et_pb_text _builder_version=\u00a0\u00bb4.27.5&Prime; _module_preset=\u00a0\u00bbdefault\u00a0\u00bb text_font_size=\u00a0\u00bb23px\u00a0\u00bb background_color=\u00a0\u00bb#e95631&Prime; width=\u00a0\u00bb22%\u00a0\u00bb module_alignment=\u00a0\u00bbcenter\u00a0\u00bb custom_margin=\u00a0\u00bb-29px||||false|false\u00a0\u00bb custom_padding=\u00a0\u00bb0px||||false|false\u00a0\u00bb border_radii=\u00a0\u00bbon|72px|72px|72px|72px\u00a0\u00bb box_shadow_style=\u00a0\u00bbpreset3&Prime; global_colors_info=\u00a0\u00bb{}\u00a0\u00bb theme_builder_area=\u00a0\u00bbpost_content\u00a0\u00bb]<\/p>\n<p style=\"text-align: center;\"><strong><span style=\"color: #ffffff;\">5<\/span><\/strong><\/p>\n<p>[\/et_pb_text][et_pb_text _builder_version=\u00a0\u00bb4.27.5&Prime; _module_preset=\u00a0\u00bbdefault\u00a0\u00bb global_colors_info=\u00a0\u00bb{}\u00a0\u00bb theme_builder_area=\u00a0\u00bbpost_content\u00a0\u00bb]<\/p>\n<p style=\"text-align: center;\"><strong>Un outil d\u00e9di\u00e9 au suivi des habilitations et recyclages<\/strong><\/p>\n<ul>\n<li>Suivi automatis\u00e9 des habilitations r\u00e9glementaires.<\/li>\n<li>Alertes pour anticiper les renouvellements.<\/li>\n<li>S\u00e9curisation de la conformit\u00e9 aux normes en vigueur.<\/li>\n<\/ul>\n<p>[\/et_pb_text][\/et_pb_column][\/et_pb_row][et_pb_row _builder_version=\u00a0\u00bb4.27.5&Prime; _module_preset=\u00a0\u00bbdefault\u00a0\u00bb min_height=\u00a0\u00bb731.2px\u00a0\u00bb custom_margin=\u00a0\u00bb-41px|auto||auto||\u00a0\u00bb global_colors_info=\u00a0\u00bb{}\u00a0\u00bb theme_builder_area=\u00a0\u00bbpost_content\u00a0\u00bb][et_pb_column type=\u00a0\u00bb4_4&Prime; _builder_version=\u00a0\u00bb4.27.5&Prime; _module_preset=\u00a0\u00bbdefault\u00a0\u00bb global_colors_info=\u00a0\u00bb{}\u00a0\u00bb theme_builder_area=\u00a0\u00bbpost_content\u00a0\u00bb][et_pb_cta title=\u00a0\u00bbPassez \u00e0 une gestion de formation plus performante\u00a0\u00bb button_url=\u00a0\u00bbhttps:\/\/www.eleo.io\/demande-demo\/\u00a0\u00bb button_text=\u00a0\u00bbDemandez une d\u00e9mo\u00a0\u00bb _builder_version=\u00a0\u00bb4.27.6&Prime; _module_preset=\u00a0\u00bbdefault\u00a0\u00bb header_text_color=\u00a0\u00bb#FFFFFF\u00a0\u00bb header_font_size=\u00a0\u00bb25px\u00a0\u00bb background_image=\u00a0\u00bbhttps:\/\/www.noous.co\/blog\/wp-content\/uploads\/2026\/01\/CAT-eloe-by-Noous-scaled.png\u00a0\u00bb custom_button=\u00a0\u00bbon\u00a0\u00bb button_text_size=\u00a0\u00bb13px\u00a0\u00bb button_text_color=\u00a0\u00bb#000000&Prime; button_bg_color=\u00a0\u00bb#FFFFFF\u00a0\u00bb button_border_color=\u00a0\u00bbRGBA(255,255,255,0)\u00a0\u00bb button_icon=\u00a0\u00bb&#x24;||divi||400&Prime; link_option_url=\u00a0\u00bbhttps:\/\/www.eleo.io\/demande-demo\/\u00a0\u00bb border_radii=\u00a0\u00bbon|56px|56px|56px|56px\u00a0\u00bb global_colors_info=\u00a0\u00bb{}\u00a0\u00bb theme_builder_area=\u00a0\u00bbpost_content\u00a0\u00bb][\/et_pb_cta][\/et_pb_column][\/et_pb_row][et_pb_row _builder_version=\u00a0\u00bb4.27.5&Prime; _module_preset=\u00a0\u00bbdefault\u00a0\u00bb global_colors_info=\u00a0\u00bb{}\u00a0\u00bb theme_builder_area=\u00a0\u00bbpost_content\u00a0\u00bb][et_pb_column type=\u00a0\u00bb4_4&Prime; _builder_version=\u00a0\u00bb4.27.5&Prime; _module_preset=\u00a0\u00bbdefault\u00a0\u00bb global_colors_info=\u00a0\u00bb{}\u00a0\u00bb theme_builder_area=\u00a0\u00bbpost_content\u00a0\u00bb][et_pb_text _builder_version=\u00a0\u00bb4.27.5&Prime; _module_preset=\u00a0\u00bbdefault\u00a0\u00bb global_colors_info=\u00a0\u00bb{}\u00a0\u00bb theme_builder_area=\u00a0\u00bbpost_content\u00a0\u00bb]<\/p>\n<h3><strong>Eleo by Noous : un logiciel de gestion de formation au service de votre strat\u00e9gie RH<\/strong><\/h3>\n<p>[\/et_pb_text][et_pb_text _builder_version=\u00a0\u00bb4.27.5&Prime; _module_preset=\u00a0\u00bbdefault\u00a0\u00bb global_colors_info=\u00a0\u00bb{}\u00a0\u00bb theme_builder_area=\u00a0\u00bbpost_content\u00a0\u00bb]<\/p>\n<p>C\u2019est dans cette logique que s\u2019inscrit <a href=\"https:\/\/www.eleo.io\/\"><strong>Eleo by Noous<\/strong><\/a>, un logiciel de gestion de formation professionnelle con\u00e7u pour accompagner les \u00e9quipes RH \u00e0 chaque \u00e9tape du plan de formation.<\/p>\n<p>Intuitif et 100 % personnalisable, Eleo permet de centraliser l\u2019ensemble des processus li\u00e9s \u00e0 la gestion de formation, tout en s\u2019int\u00e9grant facilement \u00e0 votre \u00e9cosyst\u00e8me RH.<\/p>\n<p>Fort de plus de <strong>20 ans d\u2019expertise m\u00e9tier<\/strong>, d\u2019une solution <strong>100%<\/strong>\u00a0 <strong>h\u00e9berg\u00e9e en France<\/strong>, Eleo transforme la gestion du plan de formation en un processus simple, collaboratif et strat\u00e9gique.<\/p>\n<p>[\/et_pb_text][et_pb_divider color=\u00a0\u00bb#000000&Prime; _builder_version=\u00a0\u00bb4.27.5&Prime; _module_preset=\u00a0\u00bbdefault\u00a0\u00bb custom_margin=\u00a0\u00bb||-38px|||\u00a0\u00bb global_colors_info=\u00a0\u00bb{}\u00a0\u00bb theme_builder_area=\u00a0\u00bbpost_content\u00a0\u00bb][\/et_pb_divider][\/et_pb_column][\/et_pb_row][et_pb_row _builder_version=\u00a0\u00bb4.27.5&Prime; _module_preset=\u00a0\u00bbdefault\u00a0\u00bb global_colors_info=\u00a0\u00bb{}\u00a0\u00bb theme_builder_area=\u00a0\u00bbpost_content\u00a0\u00bb][et_pb_column type=\u00a0\u00bb4_4&Prime; _builder_version=\u00a0\u00bb4.27.5&Prime; _module_preset=\u00a0\u00bbdefault\u00a0\u00bb global_colors_info=\u00a0\u00bb{}\u00a0\u00bb theme_builder_area=\u00a0\u00bbpost_content\u00a0\u00bb][et_pb_text _builder_version=\u00a0\u00bb4.27.5&Prime; _module_preset=\u00a0\u00bbdefault\u00a0\u00bb global_colors_info=\u00a0\u00bb{}\u00a0\u00bb theme_builder_area=\u00a0\u00bbpost_content\u00a0\u00bb]<\/p>\n<p style=\"text-align: center;\"><em>Le plan de formation ne se r\u00e9sume pas \u00e0 une obligation annuelle. Bien structur\u00e9, il devient un outil de projection, de dialogue et de pilotage au service des comp\u00e9tences et de la performance de l\u2019entreprise.<\/em><\/p>\n<p>[\/et_pb_text][\/et_pb_column][\/et_pb_row][\/et_pb_section]<\/p>\n","protected":false},"excerpt":{"rendered":"<p>Le d\u00e9but d&rsquo;ann\u00e9e, un moment cl\u00e9 ? Mais pourquoi ?Le d\u00e9but d\u2019ann\u00e9e constitue un temps fort pour les \u00e9quipes RH. C\u2019est \u00e0 cette p\u00e9riode que se construit le plan de formation, un outil central pour r\u00e9pondre aux obligations l\u00e9gales, accompagner le d\u00e9veloppement des comp\u00e9tences et soutenir la performance globale de l\u2019entreprise.Bien plus qu\u2019un simple exercice [&hellip;]<\/p>\n","protected":false},"author":42,"featured_media":17124,"comment_status":"closed","ping_status":"closed","sticky":false,"template":"","format":"standard","meta":{"_et_pb_use_builder":"on","_et_pb_old_content":"","_et_gb_content_width":"","content-type":"","footnotes":""},"categories":[326,438],"tags":[580,462,577,578,583,581,579,582],"class_list":["post-17123","post","type-post","status-publish","format-standard","has-post-thumbnail","hentry","category-formation-professionnelle","category-solutions-digitales","tag-digitalisation-rh","tag-gestion-des-competences","tag-gestion-du-plan-de-formation","tag-logiciel-gestion-formation-entreprise","tag-obligations-legales-formation","tag-outil-rh-formation","tag-plan-de-formation-entreprise","tag-suivi-des-formations-salaries"],"yoast_head":"<!-- This site is optimized with the Yoast SEO Premium plugin v26.5 (Yoast SEO v26.5) - https:\/\/yoast.com\/wordpress\/plugins\/seo\/ -->\n<title>Logiciel de gestion de formation : structurer son plan efficacement - NOOUS I Le Blog<\/title>\n<meta name=\"description\" content=\"D\u00e9couvrez comment un logiciel de gestion de formation professionnelle peut optimiser votre processus d&#039;apprentissage.\" \/>\n<meta name=\"robots\" content=\"index, follow, max-snippet:-1, max-image-preview:large, max-video-preview:-1\" \/>\n<link rel=\"canonical\" href=\"https:\/\/www.noous.co\/blog\/formation-professionnelle\/logiciel-de-gestion-de-formation-structurer-son-plan-efficacement\/\" \/>\n<meta property=\"og:locale\" content=\"fr_FR\" \/>\n<meta property=\"og:type\" content=\"article\" \/>\n<meta property=\"og:title\" content=\"Logiciel de gestion de formation : structurer son plan efficacement\" \/>\n<meta property=\"og:description\" content=\"D\u00e9couvrez comment un logiciel de gestion de formation professionnelle peut optimiser votre processus d&#039;apprentissage.\" \/>\n<meta property=\"og:url\" content=\"https:\/\/www.noous.co\/blog\/formation-professionnelle\/logiciel-de-gestion-de-formation-structurer-son-plan-efficacement\/\" \/>\n<meta property=\"og:site_name\" content=\"NOOUS I Le Blog\" \/>\n<meta property=\"article:published_time\" content=\"2026-01-28T16:09:40+00:00\" \/>\n<meta property=\"article:modified_time\" content=\"2026-04-29T10:42:24+00:00\" \/>\n<meta property=\"og:image\" content=\"https:\/\/www.noous.co\/blog\/wp-content\/uploads\/2026\/01\/logiciel-de-gestion-de-formation-professionnelle.png\" \/>\n\t<meta property=\"og:image:width\" content=\"1920\" \/>\n\t<meta property=\"og:image:height\" content=\"700\" \/>\n\t<meta property=\"og:image:type\" content=\"image\/png\" \/>\n<meta name=\"author\" content=\"Llona Bov\u00e9\" \/>\n<meta name=\"twitter:card\" content=\"summary_large_image\" \/>\n<meta name=\"twitter:label1\" content=\"\u00c9crit par\" \/>\n\t<meta name=\"twitter:data1\" content=\"Llona Bov\u00e9\" \/>\n\t<meta name=\"twitter:label2\" content=\"Dur\u00e9e de lecture estim\u00e9e\" \/>\n\t<meta name=\"twitter:data2\" content=\"4 minutes\" \/>\n<script type=\"application\/ld+json\" class=\"yoast-schema-graph\">{\"@context\":\"https:\/\/schema.org\",\"@graph\":[{\"@type\":\"WebPage\",\"@id\":\"https:\/\/www.noous.co\/blog\/formation-professionnelle\/logiciel-de-gestion-de-formation-structurer-son-plan-efficacement\/\",\"url\":\"https:\/\/www.noous.co\/blog\/formation-professionnelle\/logiciel-de-gestion-de-formation-structurer-son-plan-efficacement\/\",\"name\":\"Logiciel de gestion de formation : structurer son plan efficacement - NOOUS I Le Blog\",\"isPartOf\":{\"@id\":\"https:\/\/www.noous.co\/blog\/#website\"},\"primaryImageOfPage\":{\"@id\":\"https:\/\/www.noous.co\/blog\/formation-professionnelle\/logiciel-de-gestion-de-formation-structurer-son-plan-efficacement\/#primaryimage\"},\"image\":{\"@id\":\"https:\/\/www.noous.co\/blog\/formation-professionnelle\/logiciel-de-gestion-de-formation-structurer-son-plan-efficacement\/#primaryimage\"},\"thumbnailUrl\":\"https:\/\/www.noous.co\/blog\/wp-content\/uploads\/2026\/01\/logiciel-de-gestion-de-formation-professionnelle.png\",\"datePublished\":\"2026-01-28T16:09:40+00:00\",\"dateModified\":\"2026-04-29T10:42:24+00:00\",\"author\":{\"@id\":\"https:\/\/www.noous.co\/blog\/#\/schema\/person\/280df89df2886750d9ed0aaa0519c837\"},\"description\":\"D\u00e9couvrez comment un logiciel de gestion de formation professionnelle peut optimiser votre processus d'apprentissage.\",\"breadcrumb\":{\"@id\":\"https:\/\/www.noous.co\/blog\/formation-professionnelle\/logiciel-de-gestion-de-formation-structurer-son-plan-efficacement\/#breadcrumb\"},\"inLanguage\":\"fr-FR\",\"potentialAction\":[{\"@type\":\"ReadAction\",\"target\":[\"https:\/\/www.noous.co\/blog\/formation-professionnelle\/logiciel-de-gestion-de-formation-structurer-son-plan-efficacement\/\"]}]},{\"@type\":\"ImageObject\",\"inLanguage\":\"fr-FR\",\"@id\":\"https:\/\/www.noous.co\/blog\/formation-professionnelle\/logiciel-de-gestion-de-formation-structurer-son-plan-efficacement\/#primaryimage\",\"url\":\"https:\/\/www.noous.co\/blog\/wp-content\/uploads\/2026\/01\/logiciel-de-gestion-de-formation-professionnelle.png\",\"contentUrl\":\"https:\/\/www.noous.co\/blog\/wp-content\/uploads\/2026\/01\/logiciel-de-gestion-de-formation-professionnelle.png\",\"width\":1920,\"height\":700},{\"@type\":\"BreadcrumbList\",\"@id\":\"https:\/\/www.noous.co\/blog\/formation-professionnelle\/logiciel-de-gestion-de-formation-structurer-son-plan-efficacement\/#breadcrumb\",\"itemListElement\":[{\"@type\":\"ListItem\",\"position\":1,\"name\":\"Accueil\",\"item\":\"https:\/\/www.noous.co\/blog\/\"},{\"@type\":\"ListItem\",\"position\":2,\"name\":\"Logiciel de gestion de formation : structurer son plan efficacement\"}]},{\"@type\":\"WebSite\",\"@id\":\"https:\/\/www.noous.co\/blog\/#website\",\"url\":\"https:\/\/www.noous.co\/blog\/\",\"name\":\"NOOUS I Le Blog\",\"description\":\"Le blog des richesses humaines\",\"potentialAction\":[{\"@type\":\"SearchAction\",\"target\":{\"@type\":\"EntryPoint\",\"urlTemplate\":\"https:\/\/www.noous.co\/blog\/?s={search_term_string}\"},\"query-input\":{\"@type\":\"PropertyValueSpecification\",\"valueRequired\":true,\"valueName\":\"search_term_string\"}}],\"inLanguage\":\"fr-FR\"},{\"@type\":\"Person\",\"@id\":\"https:\/\/www.noous.co\/blog\/#\/schema\/person\/280df89df2886750d9ed0aaa0519c837\",\"name\":\"Llona Bov\u00e9\"}]}<\/script>\n<!-- \/ Yoast SEO Premium plugin. -->","yoast_head_json":{"title":"Logiciel de gestion de formation : structurer son plan efficacement - NOOUS I Le Blog","description":"D\u00e9couvrez comment un logiciel de gestion de formation professionnelle peut optimiser votre processus d'apprentissage.","robots":{"index":"index","follow":"follow","max-snippet":"max-snippet:-1","max-image-preview":"max-image-preview:large","max-video-preview":"max-video-preview:-1"},"canonical":"https:\/\/www.noous.co\/blog\/formation-professionnelle\/logiciel-de-gestion-de-formation-structurer-son-plan-efficacement\/","og_locale":"fr_FR","og_type":"article","og_title":"Logiciel de gestion de formation : structurer son plan efficacement","og_description":"D\u00e9couvrez comment un logiciel de gestion de formation professionnelle peut optimiser votre processus d'apprentissage.","og_url":"https:\/\/www.noous.co\/blog\/formation-professionnelle\/logiciel-de-gestion-de-formation-structurer-son-plan-efficacement\/","og_site_name":"NOOUS I Le Blog","article_published_time":"2026-01-28T16:09:40+00:00","article_modified_time":"2026-04-29T10:42:24+00:00","og_image":[{"width":1920,"height":700,"url":"https:\/\/www.noous.co\/blog\/wp-content\/uploads\/2026\/01\/logiciel-de-gestion-de-formation-professionnelle.png","type":"image\/png"}],"author":"Llona Bov\u00e9","twitter_card":"summary_large_image","twitter_misc":{"\u00c9crit par":"Llona Bov\u00e9","Dur\u00e9e de lecture estim\u00e9e":"4 minutes"},"schema":{"@context":"https:\/\/schema.org","@graph":[{"@type":"WebPage","@id":"https:\/\/www.noous.co\/blog\/formation-professionnelle\/logiciel-de-gestion-de-formation-structurer-son-plan-efficacement\/","url":"https:\/\/www.noous.co\/blog\/formation-professionnelle\/logiciel-de-gestion-de-formation-structurer-son-plan-efficacement\/","name":"Logiciel de gestion de formation : structurer son plan efficacement - NOOUS I Le Blog","isPartOf":{"@id":"https:\/\/www.noous.co\/blog\/#website"},"primaryImageOfPage":{"@id":"https:\/\/www.noous.co\/blog\/formation-professionnelle\/logiciel-de-gestion-de-formation-structurer-son-plan-efficacement\/#primaryimage"},"image":{"@id":"https:\/\/www.noous.co\/blog\/formation-professionnelle\/logiciel-de-gestion-de-formation-structurer-son-plan-efficacement\/#primaryimage"},"thumbnailUrl":"https:\/\/www.noous.co\/blog\/wp-content\/uploads\/2026\/01\/logiciel-de-gestion-de-formation-professionnelle.png","datePublished":"2026-01-28T16:09:40+00:00","dateModified":"2026-04-29T10:42:24+00:00","author":{"@id":"https:\/\/www.noous.co\/blog\/#\/schema\/person\/280df89df2886750d9ed0aaa0519c837"},"description":"D\u00e9couvrez comment un logiciel de gestion de formation professionnelle peut optimiser votre processus d'apprentissage.","breadcrumb":{"@id":"https:\/\/www.noous.co\/blog\/formation-professionnelle\/logiciel-de-gestion-de-formation-structurer-son-plan-efficacement\/#breadcrumb"},"inLanguage":"fr-FR","potentialAction":[{"@type":"ReadAction","target":["https:\/\/www.noous.co\/blog\/formation-professionnelle\/logiciel-de-gestion-de-formation-structurer-son-plan-efficacement\/"]}]},{"@type":"ImageObject","inLanguage":"fr-FR","@id":"https:\/\/www.noous.co\/blog\/formation-professionnelle\/logiciel-de-gestion-de-formation-structurer-son-plan-efficacement\/#primaryimage","url":"https:\/\/www.noous.co\/blog\/wp-content\/uploads\/2026\/01\/logiciel-de-gestion-de-formation-professionnelle.png","contentUrl":"https:\/\/www.noous.co\/blog\/wp-content\/uploads\/2026\/01\/logiciel-de-gestion-de-formation-professionnelle.png","width":1920,"height":700},{"@type":"BreadcrumbList","@id":"https:\/\/www.noous.co\/blog\/formation-professionnelle\/logiciel-de-gestion-de-formation-structurer-son-plan-efficacement\/#breadcrumb","itemListElement":[{"@type":"ListItem","position":1,"name":"Accueil","item":"https:\/\/www.noous.co\/blog\/"},{"@type":"ListItem","position":2,"name":"Logiciel de gestion de formation : structurer son plan efficacement"}]},{"@type":"WebSite","@id":"https:\/\/www.noous.co\/blog\/#website","url":"https:\/\/www.noous.co\/blog\/","name":"NOOUS I Le Blog","description":"Le blog des richesses humaines","potentialAction":[{"@type":"SearchAction","target":{"@type":"EntryPoint","urlTemplate":"https:\/\/www.noous.co\/blog\/?s={search_term_string}"},"query-input":{"@type":"PropertyValueSpecification","valueRequired":true,"valueName":"search_term_string"}}],"inLanguage":"fr-FR"},{"@type":"Person","@id":"https:\/\/www.noous.co\/blog\/#\/schema\/person\/280df89df2886750d9ed0aaa0519c837","name":"Llona Bov\u00e9"}]}},"_links":{"self":[{"href":"https:\/\/www.noous.co\/blog\/wp-json\/wp\/v2\/posts\/17123","targetHints":{"allow":["GET"]}}],"collection":[{"href":"https:\/\/www.noous.co\/blog\/wp-json\/wp\/v2\/posts"}],"about":[{"href":"https:\/\/www.noous.co\/blog\/wp-json\/wp\/v2\/types\/post"}],"author":[{"embeddable":true,"href":"https:\/\/www.noous.co\/blog\/wp-json\/wp\/v2\/users\/42"}],"replies":[{"embeddable":true,"href":"https:\/\/www.noous.co\/blog\/wp-json\/wp\/v2\/comments?post=17123"}],"version-history":[{"count":43,"href":"https:\/\/www.noous.co\/blog\/wp-json\/wp\/v2\/posts\/17123\/revisions"}],"predecessor-version":[{"id":18766,"href":"https:\/\/www.noous.co\/blog\/wp-json\/wp\/v2\/posts\/17123\/revisions\/18766"}],"wp:featuredmedia":[{"embeddable":true,"href":"https:\/\/www.noous.co\/blog\/wp-json\/wp\/v2\/media\/17124"}],"wp:attachment":[{"href":"https:\/\/www.noous.co\/blog\/wp-json\/wp\/v2\/media?parent=17123"}],"wp:term":[{"taxonomy":"category","embeddable":true,"href":"https:\/\/www.noous.co\/blog\/wp-json\/wp\/v2\/categories?post=17123"},{"taxonomy":"post_tag","embeddable":true,"href":"https:\/\/www.noous.co\/blog\/wp-json\/wp\/v2\/tags?post=17123"}],"curies":[{"name":"wp","href":"https:\/\/api.w.org\/{rel}","templated":true}]}}