{"id":14183,"date":"2023-02-07T14:34:28","date_gmt":"2023-02-07T13:34:28","guid":{"rendered":"https:\/\/www.noous.co\/blog\/?p=14183"},"modified":"2025-11-07T16:49:47","modified_gmt":"2025-11-07T15:49:47","slug":"referentiel-organisation-apprenante","status":"publish","type":"post","link":"https:\/\/www.noous.co\/blog\/organisation-apprenante\/referentiel-organisation-apprenante\/","title":{"rendered":"R\u00e9f\u00e9rentiel organisation apprenante"},"content":{"rendered":"<p>[et_pb_section fb_built=\u00a0\u00bb1&Prime; _builder_version=\u00a0\u00bb4.16&Prime; custom_margin=\u00a0\u00bb0px||40px||false|false\u00a0\u00bb custom_padding=\u00a0\u00bb0px||0px||false|false\u00a0\u00bb global_colors_info=\u00a0\u00bb{}\u00a0\u00bb][et_pb_row _builder_version=\u00a0\u00bb4.16&Prime; custom_margin=\u00a0\u00bb0px||0px||false|false\u00a0\u00bb custom_padding=\u00a0\u00bb0px||0px||false|false\u00a0\u00bb global_colors_info=\u00a0\u00bb{}\u00a0\u00bb][et_pb_column type=\u00a0\u00bb4_4&Prime; _builder_version=\u00a0\u00bb4.16&Prime; global_colors_info=\u00a0\u00bb{}\u00a0\u00bb][et_pb_text _builder_version=\u00a0\u00bb4.16&Prime; text_font=\u00a0\u00bb|600|||||||\u00a0\u00bb text_font_size=\u00a0\u00bb17px\u00a0\u00bb background_color=\u00a0\u00bb#f4f4f4&Prime; text_orientation=\u00a0\u00bbcenter\u00a0\u00bb custom_margin=\u00a0\u00bb|-45px||-45px|false|false\u00a0\u00bb custom_padding=\u00a0\u00bb25px|45px|25px|45px|false|false\u00a0\u00bb locked=\u00a0\u00bboff\u00a0\u00bb global_colors_info=\u00a0\u00bb{}\u00a0\u00bb]<\/p>\n<p style=\"text-align: center;\"><b>D\u00e9couvrez les deni\u00e8res actualit\u00e9s sur le th\u00e8me de l&rsquo;<a href=\"https:\/\/www.noous.co\/blog\/organisation-apprenante-2\/?et_blog\">organisation apprenante<\/a>.\u00a0<\/b><\/p>\n<p>[\/et_pb_text][et_pb_text _builder_version=\u00a0\u00bb4.16&Prime; text_font=\u00a0\u00bbQuicksand|500|||||||\u00a0\u00bb text_font_size=\u00a0\u00bb17px\u00a0\u00bb custom_margin=\u00a0\u00bb0px||0px||false|false\u00a0\u00bb custom_padding=\u00a0\u00bb0px||0px||false|false\u00a0\u00bb global_colors_info=\u00a0\u00bb{}\u00a0\u00bb]<\/p>\n<p><span>Petit indice sur le sujet de cet article de blog : \u00ab\u00a0<strong>Le rythme auquel les organisations apprennent<\/strong>\u00a0pourrait devenir\u00a0<strong>la seule source durable d\u2019avantages concurrentiels<\/strong>\u00a0dans un monde en perp\u00e9tuel changement. \u00bb Peter Senge<\/span><\/p>\n<p><span>Vous l\u2019aurez compris, nous allons parler dans cet article des\u00a0<strong>ORGANISATIONS APPRENANTES<\/strong>\u00a0!<\/span><\/p>\n<p>[\/et_pb_text][\/et_pb_column][\/et_pb_row][\/et_pb_section][et_pb_section fb_built=\u00a0\u00bb1&Prime; module_id=\u00a0\u00bb1&Prime; _builder_version=\u00a0\u00bb4.16&Prime; custom_margin=\u00a0\u00bb0px||40px||false|false\u00a0\u00bb custom_padding=\u00a0\u00bb0px||0px||false|false\u00a0\u00bb global_colors_info=\u00a0\u00bb{}\u00a0\u00bb][et_pb_row _builder_version=\u00a0\u00bb4.16&Prime; custom_margin=\u00a0\u00bb0px||0px||false|false\u00a0\u00bb custom_padding=\u00a0\u00bb0px||0px||false|false\u00a0\u00bb global_colors_info=\u00a0\u00bb{}\u00a0\u00bb][et_pb_column type=\u00a0\u00bb4_4&Prime; _builder_version=\u00a0\u00bb4.16&Prime; global_colors_info=\u00a0\u00bb{}\u00a0\u00bb][et_pb_divider color=\u00a0\u00bb#b3b3b3&Prime; _builder_version=\u00a0\u00bb4.16&Prime; width=\u00a0\u00bb20%\u00a0\u00bb module_alignment=\u00a0\u00bbleft\u00a0\u00bb custom_margin=\u00a0\u00bb0px||0px||false|false\u00a0\u00bb custom_padding=\u00a0\u00bb0px||0px||false|false\u00a0\u00bb global_colors_info=\u00a0\u00bb{}\u00a0\u00bb][\/et_pb_divider][et_pb_text _builder_version=\u00a0\u00bb4.16&Prime; header_2_font=\u00a0\u00bb|600|||||||\u00a0\u00bb header_2_text_color=\u00a0\u00bb#15b4b6&Prime; header_2_font_size=\u00a0\u00bb27px\u00a0\u00bb custom_margin=\u00a0\u00bb0px||20px||false|false\u00a0\u00bb custom_padding=\u00a0\u00bb0px||0px||false|false\u00a0\u00bb global_colors_info=\u00a0\u00bb{}\u00a0\u00bb]<\/p>\n<h2>I- Mais d\u2019abord, une organisation apprenante c\u2019est quoi ? <\/h2>\n<p>[\/et_pb_text][et_pb_text _builder_version=\u00a0\u00bb4.16&Prime; global_colors_info=\u00a0\u00bb{}\u00a0\u00bb]<\/p>\n<p><span style=\"text-decoration: underline;\"><em>Quelques d\u00e9finitions<\/em><\/span><\/p>\n<ul>\n<li><span><strong>Une organisation<\/strong>\u00a0dont les membres peuvent sans cesse\u00a0<strong>d\u00e9velopper<\/strong>\u00a0<strong>leur capacit\u00e9\u00a0<\/strong>\u00a0\u00e0 atteindre les r\u00e9sultats qu\u2019ils recherchent.<\/span><\/li>\n<li><span><strong>Une organisation apprenante<\/strong>\u00a0est un lieu o\u00f9 ses membres d\u00e9couvrent \u00e0 chaque instant comment ils\u00a0<strong>fa\u00e7onnent leur r\u00e9alit\u00e9<\/strong>. Et comment ils\u00a0<strong>peuvent la modifier<\/strong>.<\/span><\/li>\n<li><span><strong>Une organisation<\/strong>\u00a0qui d\u00e9veloppe sans cesse\u00a0<strong>sa capacit\u00e9 \u00e0 d\u00e9velopper son futur<\/strong>. Pour elle, il ne suffit pas de survivre.<\/span><\/li>\n<\/ul>\n<p><span>Mais la vraie question est : Les entreprises les plus performantes se<\/span><span>raient-elles celles qui b\u00e2tissent\u00a0<strong>la capacit\u00e9 d\u2019apprendre plus vite que la concurrence \u2753<\/strong><\/span><\/p>\n<p><span>Dans une optique d\u2019am\u00e9lioration continue et afin de pouvoir estimer o\u00f9 vous vous situez en tant qu\u2019organisation apprenante, et ainsi identifier les leviers sur lesquels vous pouvez encore progresser \u2934\ufe0f, NOOUS avons travaill\u00e9 sur un r\u00e9f\u00e9rentiel en\u00a0<strong>6 dimensions<\/strong>.<\/span><\/p>\n<p>[\/et_pb_text][\/et_pb_column][\/et_pb_row][\/et_pb_section][et_pb_section fb_built=\u00a0\u00bb1&Prime; module_id=\u00a0\u00bb2&Prime; _builder_version=\u00a0\u00bb4.16&Prime; custom_margin=\u00a0\u00bb0px||40px||false|false\u00a0\u00bb custom_padding=\u00a0\u00bb0px||0px||false|false\u00a0\u00bb global_colors_info=\u00a0\u00bb{}\u00a0\u00bb][et_pb_row _builder_version=\u00a0\u00bb4.16&Prime; custom_margin=\u00a0\u00bb0px||0px||false|false\u00a0\u00bb custom_padding=\u00a0\u00bb0px||0px||false|false\u00a0\u00bb global_colors_info=\u00a0\u00bb{}\u00a0\u00bb][et_pb_column type=\u00a0\u00bb4_4&Prime; _builder_version=\u00a0\u00bb4.16&Prime; global_colors_info=\u00a0\u00bb{}\u00a0\u00bb][et_pb_divider color=\u00a0\u00bb#b3b3b3&Prime; _builder_version=\u00a0\u00bb4.16&Prime; width=\u00a0\u00bb20%\u00a0\u00bb module_alignment=\u00a0\u00bbleft\u00a0\u00bb custom_margin=\u00a0\u00bb0px||0px||false|false\u00a0\u00bb custom_padding=\u00a0\u00bb0px||0px||false|false\u00a0\u00bb global_colors_info=\u00a0\u00bb{}\u00a0\u00bb][\/et_pb_divider][et_pb_text _builder_version=\u00a0\u00bb4.16&Prime; header_2_font=\u00a0\u00bb|600|||||||\u00a0\u00bb header_2_text_color=\u00a0\u00bb#15b4b6&Prime; header_2_font_size=\u00a0\u00bb27px\u00a0\u00bb custom_margin=\u00a0\u00bb0px||20px||false|false\u00a0\u00bb custom_padding=\u00a0\u00bb0px||0px||false|false\u00a0\u00bb global_colors_info=\u00a0\u00bb{}\u00a0\u00bb]<\/p>\n<h2>II- 6 dimensions pour \u00e9valuer et accompagner la maturit\u00e9 de votre organisation<\/h2>\n<p>[\/et_pb_text][et_pb_text _builder_version=\u00a0\u00bb4.16&Prime; global_colors_info=\u00a0\u00bb{}\u00a0\u00bb]<\/p>\n<p><span>Sur la base de ce qui se fait chez nos\u00a0<strong>clients<\/strong>\u00a0et de\u00a0<strong>notre veille<\/strong>\u00a0sur les organisations apprenantes de mani\u00e8re plus globale, notre constat est clair :\u00a0<strong>6 dimensions<\/strong>\u00a0permettent de mesurer la maturit\u00e9 d&rsquo;une organisation apprenante. Pour rappel, c&rsquo;est une m\u00e9thodologie d&rsquo;analyse, cela ne se veut pas scientifique !<\/span><\/p>\n<p><span><strong>1- <span style=\"text-decoration: underline;\">Pilier \u00ab Mission\/Strat\u00e9gie \u00bb<\/span><\/strong><span style=\"text-decoration: underline;\">: Une offre de formation connect\u00e9e \u00e0 la strat\u00e9gie<\/span><\/span><\/p>\n<p><span>Ce pilier permet d\u2019\u00e9valuer\u00a0<strong>la dimension strat\u00e9gique<\/strong>\u00a0de l\u2019organisation apprenante c\u2019est-\u00e0-dire son niveau d\u2019importance dans la strat\u00e9gie de l\u2019entreprise. Nous cherchons donc \u00e0 v\u00e9rifier si l&rsquo;offre de formation r\u00e9pond bien\u00a0<strong>aux enjeux business et d&rsquo;\u00e9volution des m\u00e9tiers\u00a0<\/strong>de l&rsquo;entreprise, ou si elle est d\u00e9corr\u00e9l\u00e9e \u274c.<\/span><\/p>\n<p><span>Pour ce faire, plusieurs \u00e9l\u00e9ments doivent \u00eatre analys\u00e9s\u00a0:<\/span><\/p>\n<ul>\n<li><span><strong>Le responsable L&amp;D est-il repr\u00e9sent\u00e9<\/strong>\u00a0ou fait-il partie des instances dirigeantes\u00a0?<\/span><\/li>\n<li><span><strong>La direction est-elle sponsor<\/strong>\u00a0de l&rsquo;offre de formation\u00a0?<\/span><\/li>\n<li><span><strong>La strat\u00e9gie de l&rsquo;entreprise est-elle diffus\u00e9e<\/strong>\u00a0aupr\u00e8s des collaborateurs et managers via des offres de formation ?<\/span><\/li>\n<\/ul>\n<p><span>Si vous remarquez\u00a0<strong>un \u00e9cart notable<\/strong>\u00a0entre l&rsquo;offre de formation et les enjeux business, votre entreprise est\u00a0<strong>peu mature<\/strong>.<\/span><\/p>\n<p><span><strong>2- <span style=\"text-decoration: underline;\">Pilier \u00ab Talents et comp\u00e9tences \u00bb<\/span><\/strong><span style=\"text-decoration: underline;\">: Aller chercher et d\u00e9velopper les comp\u00e9tences en internes<\/span> (<em>petit clin d\u2019\u0153il\u00a0<\/em><em>\u00e0 notre <a href=\"https:\/\/www.noous.co\/blog\/noousletter\/\">NOOUSletter<\/a>, si vous \u00eates des adeptes de notre <a href=\"https:\/\/www.noous.co\/blog\/noousletter\/\">NOOUSetter<\/a> formation<\/em>)<\/span><\/p>\n<p><span>Ce pilier permet d\u2019\u00e9valuer\u00a0<strong>la maturit\u00e9 de l\u2019organisation\u00a0<\/strong>quant \u00e0 sa capacit\u00e9 \u00e0 connaitre ses\u00a0<strong>comp\u00e9tences requises et acquises<\/strong>\u00a0aujourd\u2019hui et demain pour en exploiter le potentiel.<\/span><\/p>\n<p><span>Le but \ud83c\udfaf est donc\u00a0de savoir si l&rsquo;entreprise\u00a0<strong>s&rsquo;appuie sur une connaissance des comp\u00e9tences\u00a0<\/strong>(via l&rsquo;existence d&rsquo;une cartographie ou d&rsquo;un r\u00e9f\u00e9rentiel de comp\u00e9tences) pour proposer\u00a0:<\/span><\/p>\n<ul>\n<li><span>Des trajectoires de mobilit\u00e9s<\/span><\/li>\n<li><span>Une politique de gestion pr\u00e9visionnelle des emplois et parcours<\/span><\/li>\n<li><span>Une offre de formation qui permet d&rsquo;anticiper les besoins de d\u00e9veloppement de comp\u00e9tences de demain.<\/span><\/li>\n<\/ul>\n<p><span>Si ce n&rsquo;est pas le cas, nous estimons que votre entreprise est\u00a0<strong>peu mature<\/strong>.<\/span><\/p>\n<p><span><strong>3- <span style=\"text-decoration: underline;\">Pilier \u00ab Outils et m\u00e9thodologies \u00bb\u00a0<\/span><\/strong><span style=\"text-decoration: underline;\">: Des outils et des m\u00e9thodologies toujours plus customis\u00e9s<\/span><\/span><\/p>\n<p><span>Ce pilier permet d\u2019\u00e9valuer\u00a0<strong>le niveau d\u2019usages de m\u00e9thodologies apprenantes<\/strong>\u00a0dans l\u2019organisation en allant chercher les \u00e9quipements et les outils\u00a0puis les usages.<\/span><\/p>\n<p><span>Il s\u2019agit donc de\u00a0la capacit\u00e9 de l&rsquo;organisation \u00e0 proposer des offres \u00ab\u00a0maison\u00a0\u00bb qui correspondent \u00e0 l&rsquo;ADN de l&rsquo;entreprise via :<\/span><\/p>\n<ul>\n<li><span><strong>Des formateurs internes<\/strong><\/span><\/li>\n<li><span><strong>La construction d&rsquo;offres de formation sur mesure<\/strong>\u00a0plut\u00f4t que de prendre des choses sur \u00e9tag\u00e8re dans des OF<\/span><\/li>\n<li><span><strong>Des communaut\u00e9s de pairs<\/strong><\/span><\/li>\n<li><span><strong>L\u2019apprentissage en situation de travail<\/strong><\/span><\/li>\n<\/ul>\n<p><span>Il faut \u00e9galement fournir des outils permettant aux collaborateurs d&rsquo;apprendre\u00a0<strong>de mani\u00e8re customis\u00e9e (<\/strong>possibilit\u00e9 de se former \u00e0 distance avec un LMS ou des applications mobiles par exemple, collaborative learning)<\/span><\/p>\n<p><span><strong>4- <span style=\"text-decoration: underline;\">Pilier \u00ab Organisation et performance \u00bb :\u00a0<\/span><\/strong><span style=\"text-decoration: underline;\">Un d\u00e9partement formation \u00ab\u00a0diffuser des savoirs\u00a0\u00bb<\/span><\/span><\/p>\n<p><span>Ce pilier permet d\u2019\u00e9valuer\u00a0<strong>le positionnement du L&amp;D\u00a0<\/strong>par rapport \u00e0 la capacit\u00e9 \u00e0 faciliter le d\u00e9veloppement des apprentissages \ud83d\udcc4.<\/span><\/p>\n<p><span>Au sein de ce pilier, nous nous int\u00e9ressons donc\u00a0\u00e0\u00a0<strong>l&rsquo;organisation du d\u00e9partement L&amp;D<\/strong>\u00a0et \u00e0 sa mani\u00e8re\u00a0<strong>de fonctionner avec les autres<\/strong>\u00a0services : nous estimons que plus une organisation est mature, plus le d\u00e9partement L&amp;D devient\u00a0<strong>un chef d&rsquo;orchestre du d\u00e9veloppement des connaissance<\/strong>.<\/span><\/p>\n<p><span>En effet, ce dernier donne les outils, les m\u00e9thodologies, accompagne et appuie les m\u00e9tiers et les collaborateurs pour qu&rsquo;ils aient la capacit\u00e9 de d\u00e9velopper des offres de formation de mani\u00e8re plus autonome.<\/span><\/p>\n<p><span><strong>5- <span style=\"text-decoration: underline;\">Pilier \u00ab Communication \u00bb :\u00a0<\/span><\/strong><span style=\"text-decoration: underline;\">Donner de la valeur au savoir<\/span><\/span><\/p>\n<p><span>Ce pilier permet d\u2019\u00e9valuer\u00a0<strong>les comp\u00e9tences et les moyens d\u00e9ploy\u00e9s<\/strong>\u00a0en communication pour\u00a0<strong>valoriser l\u2019offre de formation<\/strong>\u00a0et le d\u00e9veloppement des apprentissages.<\/span><\/p>\n<p><span>En effet, outre le fait de s&rsquo;interroger sur les canaux, il faut s&rsquo;interroger \u00e9galement sur<strong>\u00a0les moyens du d\u00e9partement formation<\/strong>\u00a0:<\/span><\/p>\n<ul>\n<li><span>A-t-il des relais de communication qu&rsquo;il peut mobiliser ?<\/span><\/li>\n<li><span>Un interlocuteur interne ou externe en capacit\u00e9 de cr\u00e9er des contenus \/ \u00e9v\u00e9nements autour de l&rsquo;offre formation ?<\/span><\/li>\n<\/ul>\n<p><span>En bref, vous devez\u00a0<strong>faire-savoir le savoir-faire du<\/strong>\u00a0d\u00e9partement formation et\u00a0<strong>donner le go\u00fbt de la formation<\/strong>\u00a0aux collaborateurs.<\/span><\/p>\n<p><span><strong>6- <span style=\"text-decoration: underline;\">Pilier \u00ab Culture \u00bb :\u00a0<\/span><\/strong><span style=\"text-decoration: underline;\">Une culture de l\u2019apprentissage qui rayonne aux 4 coins de l\u2019organisation<\/span><\/span><\/p>\n<p><span>Ce pilier permet d\u2019\u00e9valuer\u00a0<strong>la maturit\u00e9 apprenante de l\u2019organisation<\/strong>, pour ensuite\u00a0<strong>incarner<\/strong>\u00a0et\u00a0<strong>diffuser<\/strong>\u00a0cette culture par des pratiques concr\u00e8tes : pratiques manag\u00e9riales, rituels et modes de travail, fonctionnement coop\u00e9ratifs\u2026<\/span><\/p>\n<p><span>Parmi les principaux traits culturels identifi\u00e9s, nous pouvons citer\u00a0:<\/span><\/p>\n<ul>\n<li><span>La culture du\u00a0<strong>feedback <\/strong>(\u00e9changer pour capitaliser sur des retours d&rsquo;exp\u00e9riences et partages pour progresser)<\/span><\/li>\n<li><span><strong>Le droit \u00e0 l&rsquo;erreur<\/strong>\u00a0(se tromper et apprendre de ses erreurs)<\/span><\/li>\n<li><span>La culture de\u00a0<strong>l&rsquo;innovation<\/strong>\u00a0(essayer des choses, dans une logique test &amp; learn)<\/span><\/li>\n<li><span><strong>La confiance<\/strong>\u00a0(donner de la latitude aux individus pour innover, proposer des choses, se former).<\/span><\/li>\n<\/ul>\n<p><span>Ces diff\u00e9rents traits culturels sont les\u00a0<strong>marqueurs<\/strong>\u00a0d&rsquo;une culture de l&rsquo;apprentissage au sein de l&rsquo;organisation.<\/span><\/p>\n<p>[\/et_pb_text][\/et_pb_column][\/et_pb_row][\/et_pb_section][et_pb_section fb_built=\u00a0\u00bb1&Prime; _builder_version=\u00a0\u00bb4.16&Prime; background_color=\u00a0\u00bb#f3f3f3&Prime; custom_margin=\u00a0\u00bb49px||46px|||\u00a0\u00bb custom_padding=\u00a0\u00bb2px||39px|||\u00a0\u00bb locked=\u00a0\u00bboff\u00a0\u00bb global_colors_info=\u00a0\u00bb{}\u00a0\u00bb][et_pb_row column_structure=\u00a0\u00bb1_2,1_2&Prime; _builder_version=\u00a0\u00bb4.16&Prime; custom_margin=\u00a0\u00bb25px|auto||auto||\u00a0\u00bb custom_padding=\u00a0\u00bb0px||0px|||\u00a0\u00bb global_colors_info=\u00a0\u00bb{}\u00a0\u00bb][et_pb_column type=\u00a0\u00bb1_2&Prime; _builder_version=\u00a0\u00bb4.16&Prime; global_colors_info=\u00a0\u00bb{}\u00a0\u00bb][et_pb_image src=\u00a0\u00bbhttps:\/\/www.noous.co\/blog\/wp-content\/uploads\/2022\/03\/Sans-titre-26.png\u00a0\u00bb align=\u00a0\u00bbcenter\u00a0\u00bb _builder_version=\u00a0\u00bb4.16&Prime; width=\u00a0\u00bb42%\u00a0\u00bb custom_margin=\u00a0\u00bb9px||||false|false\u00a0\u00bb global_colors_info=\u00a0\u00bb{}\u00a0\u00bb][\/et_pb_image][\/et_pb_column][et_pb_column type=\u00a0\u00bb1_2&Prime; _builder_version=\u00a0\u00bb4.16&Prime; global_colors_info=\u00a0\u00bb{}\u00a0\u00bb][et_pb_team_member name=\u00a0\u00bbJulie de chez NOOUS\u00a0\u00bb position=\u00a0\u00bbCommunicante enthousiaste\u00a0\u00bb icon_color=\u00a0\u00bb#0C71C3&Prime; use_icon_font_size=\u00a0\u00bbon\u00a0\u00bb icon_font_size=\u00a0\u00bb25px\u00a0\u00bb _builder_version=\u00a0\u00bb4.16&Prime; width=\u00a0\u00bb100%\u00a0\u00bb custom_margin=\u00a0\u00bb35px|||-63px|false|false\u00a0\u00bb custom_margin_tablet=\u00a0\u00bb|||0px|false|false\u00a0\u00bb custom_margin_phone=\u00a0\u00bb|||0px|false|false\u00a0\u00bb custom_margin_last_edited=\u00a0\u00bbon|tablet\u00a0\u00bb custom_padding=\u00a0\u00bb|||0px||\u00a0\u00bb text_orientation_tablet=\u00a0\u00bbcenter\u00a0\u00bb text_orientation_phone=\u00a0\u00bb\u00a0\u00bb text_orientation_last_edited=\u00a0\u00bbon|tablet\u00a0\u00bb locked=\u00a0\u00bboff\u00a0\u00bb global_colors_info=\u00a0\u00bb{}\u00a0\u00bb]<span style=\"color: #0c7677;\">Email : jbessonie@noous.co<\/span>[\/et_pb_team_member][\/et_pb_column][\/et_pb_row][\/et_pb_section][et_pb_section fb_built=\u00a0\u00bb1&Prime; _builder_version=\u00a0\u00bb4.16&Prime; locked=\u00a0\u00bboff\u00a0\u00bb global_colors_info=\u00a0\u00bb{}\u00a0\u00bb][et_pb_row _builder_version=\u00a0\u00bb4.16&Prime; global_colors_info=\u00a0\u00bb{}\u00a0\u00bb][et_pb_column type=\u00a0\u00bb4_4&Prime; _builder_version=\u00a0\u00bb4.16&Prime; global_colors_info=\u00a0\u00bb{}\u00a0\u00bb][et_pb_image src=\u00a0\u00bbhttps:\/\/www.noous.co\/blog\/wp-content\/uploads\/2022\/10\/logo-slides-2300px-2.png\u00a0\u00bb _builder_version=\u00a0\u00bb4.16&Prime; width=\u00a0\u00bb22%\u00a0\u00bb module_alignment=\u00a0\u00bbcenter\u00a0\u00bb custom_margin=\u00a0\u00bb-50px||||false|false\u00a0\u00bb animation_style=\u00a0\u00bbfade\u00a0\u00bb global_colors_info=\u00a0\u00bb{}\u00a0\u00bb][\/et_pb_image][et_pb_text _builder_version=\u00a0\u00bb4.16&Prime; custom_margin=\u00a0\u00bb0px||||false|false\u00a0\u00bb animation_style=\u00a0\u00bbfade\u00a0\u00bb global_colors_info=\u00a0\u00bb{}\u00a0\u00bb]<\/p>\n<p style=\"text-align: center;\">Mieux <a href=\"https:\/\/www.noous.co\/?utm_campaign=NOOUSletter&amp;utm_source=hs_email&amp;utm_medium=email&amp;_hsenc=p2ANqtz-81VTYtniugsIQq9Jdb3JZSvOGnG-h0c61ywKxqMVwW_w-robiFvQWBUjlm4IC7qvod8Ij8\">NOOUS<\/a> connaitre<br \/>\nParfois, <a href=\"https:\/\/www.noous.co\/blog\/?utm_campaign=NOOUSletter&amp;utm_source=hs_email&amp;utm_medium=email&amp;_hsenc=p2ANqtz-81VTYtniugsIQq9Jdb3JZSvOGnG-h0c61ywKxqMVwW_w-robiFvQWBUjlm4IC7qvod8Ij8\">on \u00e9crit des articles<\/a><br \/>\nSouvent on partage du contenu sympa (et utile) sur <a href=\"https:\/\/www.linkedin.com\/company\/9495998\/admin\/\">LinkedIn<\/a><br \/>\nComment ? Vous n&rsquo;\u00eates pas encore <a href=\"https:\/\/www.noous.co\/blog\/noousletter\/?utm_campaign=NOOUSletter&amp;utm_source=hs_email&amp;utm_medium=email&amp;_hsenc=p2ANqtz-81VTYtniugsIQq9Jdb3JZSvOGnG-h0c61ywKxqMVwW_w-robiFvQWBUjlm4IC7qvod8Ij8\">inscrit \u00e0 la NOOUSletter<\/a> ?<\/p>\n<p>[\/et_pb_text][et_pb_divider color=\u00a0\u00bb#b3b3b3&Prime; _builder_version=\u00a0\u00bb4.16&Prime; max_width=\u00a0\u00bb32%\u00a0\u00bb module_alignment=\u00a0\u00bbcenter\u00a0\u00bb custom_margin=\u00a0\u00bb50px|||||\u00a0\u00bb locked=\u00a0\u00bboff\u00a0\u00bb global_colors_info=\u00a0\u00bb{}\u00a0\u00bb][\/et_pb_divider][et_pb_text _builder_version=\u00a0\u00bb4.16&Prime; custom_margin=\u00a0\u00bb13px|||||\u00a0\u00bb global_colors_info=\u00a0\u00bb{}\u00a0\u00bb]<\/p>\n<p style=\"text-align: center;\"><em>Vous \u00eates arriv\u00e9s \u00e0 la fin de cette NOOUSletter (belle perf&rsquo;) <\/em><br \/>\n<em>Vous pouvez d\u00e8s \u00e0 pr\u00e9sent reprendre une activit\u00e9 normale.<\/em><\/p>\n<p>[\/et_pb_text][\/et_pb_column][\/et_pb_row][\/et_pb_section]<\/p>\n","protected":false},"excerpt":{"rendered":"<p>D\u00e9couvrez les deni\u00e8res actualit\u00e9s sur le th\u00e8me de l&rsquo;organisation apprenante.\u00a0Petit indice sur le sujet de cet article de blog : \u00ab\u00a0Le rythme auquel les organisations apprennent\u00a0pourrait devenir\u00a0la seule source durable d\u2019avantages concurrentiels\u00a0dans un monde en perp\u00e9tuel changement. \u00bb Peter Senge Vous l\u2019aurez compris, nous allons parler dans cet article des\u00a0ORGANISATIONS APPRENANTES\u00a0!I- Mais d\u2019abord, une organisation [&hellip;]<\/p>\n","protected":false},"author":36,"featured_media":16823,"comment_status":"closed","ping_status":"closed","sticky":false,"template":"","format":"standard","meta":{"_et_pb_use_builder":"on","_et_pb_old_content":"","_et_gb_content_width":"","content-type":"","footnotes":""},"categories":[329,264],"tags":[62,61],"class_list":["post-14183","post","type-post","status-publish","format-standard","has-post-thumbnail","hentry","category-conseil-rh","category-organisation-apprenante","tag-entreprise-apprenante","tag-organisation-apprenante"],"yoast_head":"<!-- This site is optimized with the Yoast SEO Premium plugin v26.5 (Yoast SEO v26.5) - https:\/\/yoast.com\/wordpress\/plugins\/seo\/ -->\n<title>R\u00e9f\u00e9rentiel organisation apprenante - NOOUS I Le Blog<\/title>\n<meta name=\"description\" content=\"Sur la base de ce qui se fait chez nos clients et de notre veille sur les organisations apprenantes de mani\u00e8re plus globale....\" \/>\n<meta name=\"robots\" content=\"index, follow, max-snippet:-1, max-image-preview:large, max-video-preview:-1\" \/>\n<link rel=\"canonical\" href=\"https:\/\/www.noous.co\/blog\/organisation-apprenante\/referentiel-organisation-apprenante\/\" \/>\n<meta property=\"og:locale\" content=\"fr_FR\" \/>\n<meta property=\"og:type\" content=\"article\" \/>\n<meta property=\"og:title\" content=\"R\u00e9f\u00e9rentiel organisation apprenante\" \/>\n<meta property=\"og:description\" content=\"Sur la base de ce qui se fait chez nos clients et de notre veille sur les organisations apprenantes de mani\u00e8re plus globale....\" \/>\n<meta property=\"og:url\" content=\"https:\/\/www.noous.co\/blog\/organisation-apprenante\/referentiel-organisation-apprenante\/\" \/>\n<meta property=\"og:site_name\" content=\"NOOUS I Le Blog\" \/>\n<meta property=\"article:published_time\" content=\"2023-02-07T13:34:28+00:00\" \/>\n<meta property=\"article:modified_time\" content=\"2025-11-07T15:49:47+00:00\" \/>\n<meta property=\"og:image\" content=\"https:\/\/www.noous.co\/blog\/wp-content\/uploads\/2023\/02\/Referentiel-organisation-apprenante.png\" \/>\n\t<meta property=\"og:image:width\" content=\"1920\" \/>\n\t<meta property=\"og:image:height\" content=\"700\" \/>\n\t<meta property=\"og:image:type\" content=\"image\/png\" \/>\n<meta name=\"author\" content=\"Khadija Boukhris\" \/>\n<meta name=\"twitter:card\" content=\"summary_large_image\" \/>\n<meta name=\"twitter:label1\" content=\"\u00c9crit par\" \/>\n\t<meta name=\"twitter:data1\" content=\"Khadija Boukhris\" \/>\n\t<meta name=\"twitter:label2\" content=\"Dur\u00e9e de lecture estim\u00e9e\" \/>\n\t<meta name=\"twitter:data2\" content=\"6 minutes\" \/>\n<script type=\"application\/ld+json\" class=\"yoast-schema-graph\">{\"@context\":\"https:\/\/schema.org\",\"@graph\":[{\"@type\":\"WebPage\",\"@id\":\"https:\/\/www.noous.co\/blog\/organisation-apprenante\/referentiel-organisation-apprenante\/\",\"url\":\"https:\/\/www.noous.co\/blog\/organisation-apprenante\/referentiel-organisation-apprenante\/\",\"name\":\"R\u00e9f\u00e9rentiel organisation apprenante - NOOUS I Le Blog\",\"isPartOf\":{\"@id\":\"https:\/\/www.noous.co\/blog\/#website\"},\"primaryImageOfPage\":{\"@id\":\"https:\/\/www.noous.co\/blog\/organisation-apprenante\/referentiel-organisation-apprenante\/#primaryimage\"},\"image\":{\"@id\":\"https:\/\/www.noous.co\/blog\/organisation-apprenante\/referentiel-organisation-apprenante\/#primaryimage\"},\"thumbnailUrl\":\"https:\/\/www.noous.co\/blog\/wp-content\/uploads\/2023\/02\/Referentiel-organisation-apprenante.png\",\"datePublished\":\"2023-02-07T13:34:28+00:00\",\"dateModified\":\"2025-11-07T15:49:47+00:00\",\"author\":{\"@id\":\"https:\/\/www.noous.co\/blog\/#\/schema\/person\/fbbc32f4d21765e14d6815db299bc6f1\"},\"description\":\"Sur la base de ce qui se fait chez nos clients et de notre veille sur les organisations apprenantes de mani\u00e8re plus globale....\",\"breadcrumb\":{\"@id\":\"https:\/\/www.noous.co\/blog\/organisation-apprenante\/referentiel-organisation-apprenante\/#breadcrumb\"},\"inLanguage\":\"fr-FR\",\"potentialAction\":[{\"@type\":\"ReadAction\",\"target\":[\"https:\/\/www.noous.co\/blog\/organisation-apprenante\/referentiel-organisation-apprenante\/\"]}]},{\"@type\":\"ImageObject\",\"inLanguage\":\"fr-FR\",\"@id\":\"https:\/\/www.noous.co\/blog\/organisation-apprenante\/referentiel-organisation-apprenante\/#primaryimage\",\"url\":\"https:\/\/www.noous.co\/blog\/wp-content\/uploads\/2023\/02\/Referentiel-organisation-apprenante.png\",\"contentUrl\":\"https:\/\/www.noous.co\/blog\/wp-content\/uploads\/2023\/02\/Referentiel-organisation-apprenante.png\",\"width\":1920,\"height\":700},{\"@type\":\"BreadcrumbList\",\"@id\":\"https:\/\/www.noous.co\/blog\/organisation-apprenante\/referentiel-organisation-apprenante\/#breadcrumb\",\"itemListElement\":[{\"@type\":\"ListItem\",\"position\":1,\"name\":\"Accueil\",\"item\":\"https:\/\/www.noous.co\/blog\/\"},{\"@type\":\"ListItem\",\"position\":2,\"name\":\"R\u00e9f\u00e9rentiel organisation apprenante\"}]},{\"@type\":\"WebSite\",\"@id\":\"https:\/\/www.noous.co\/blog\/#website\",\"url\":\"https:\/\/www.noous.co\/blog\/\",\"name\":\"NOOUS I Le Blog\",\"description\":\"Le blog des richesses humaines\",\"potentialAction\":[{\"@type\":\"SearchAction\",\"target\":{\"@type\":\"EntryPoint\",\"urlTemplate\":\"https:\/\/www.noous.co\/blog\/?s={search_term_string}\"},\"query-input\":{\"@type\":\"PropertyValueSpecification\",\"valueRequired\":true,\"valueName\":\"search_term_string\"}}],\"inLanguage\":\"fr-FR\"},{\"@type\":\"Person\",\"@id\":\"https:\/\/www.noous.co\/blog\/#\/schema\/person\/fbbc32f4d21765e14d6815db299bc6f1\",\"name\":\"Khadija Boukhris\"}]}<\/script>\n<!-- \/ Yoast SEO Premium plugin. -->","yoast_head_json":{"title":"R\u00e9f\u00e9rentiel organisation apprenante - NOOUS I Le Blog","description":"Sur la base de ce qui se fait chez nos clients et de notre veille sur les organisations apprenantes de mani\u00e8re plus globale....","robots":{"index":"index","follow":"follow","max-snippet":"max-snippet:-1","max-image-preview":"max-image-preview:large","max-video-preview":"max-video-preview:-1"},"canonical":"https:\/\/www.noous.co\/blog\/organisation-apprenante\/referentiel-organisation-apprenante\/","og_locale":"fr_FR","og_type":"article","og_title":"R\u00e9f\u00e9rentiel organisation apprenante","og_description":"Sur la base de ce qui se fait chez nos clients et de notre veille sur les organisations apprenantes de mani\u00e8re plus globale....","og_url":"https:\/\/www.noous.co\/blog\/organisation-apprenante\/referentiel-organisation-apprenante\/","og_site_name":"NOOUS I Le Blog","article_published_time":"2023-02-07T13:34:28+00:00","article_modified_time":"2025-11-07T15:49:47+00:00","og_image":[{"width":1920,"height":700,"url":"https:\/\/www.noous.co\/blog\/wp-content\/uploads\/2023\/02\/Referentiel-organisation-apprenante.png","type":"image\/png"}],"author":"Khadija Boukhris","twitter_card":"summary_large_image","twitter_misc":{"\u00c9crit par":"Khadija Boukhris","Dur\u00e9e de lecture estim\u00e9e":"6 minutes"},"schema":{"@context":"https:\/\/schema.org","@graph":[{"@type":"WebPage","@id":"https:\/\/www.noous.co\/blog\/organisation-apprenante\/referentiel-organisation-apprenante\/","url":"https:\/\/www.noous.co\/blog\/organisation-apprenante\/referentiel-organisation-apprenante\/","name":"R\u00e9f\u00e9rentiel organisation apprenante - NOOUS I Le Blog","isPartOf":{"@id":"https:\/\/www.noous.co\/blog\/#website"},"primaryImageOfPage":{"@id":"https:\/\/www.noous.co\/blog\/organisation-apprenante\/referentiel-organisation-apprenante\/#primaryimage"},"image":{"@id":"https:\/\/www.noous.co\/blog\/organisation-apprenante\/referentiel-organisation-apprenante\/#primaryimage"},"thumbnailUrl":"https:\/\/www.noous.co\/blog\/wp-content\/uploads\/2023\/02\/Referentiel-organisation-apprenante.png","datePublished":"2023-02-07T13:34:28+00:00","dateModified":"2025-11-07T15:49:47+00:00","author":{"@id":"https:\/\/www.noous.co\/blog\/#\/schema\/person\/fbbc32f4d21765e14d6815db299bc6f1"},"description":"Sur la base de ce qui se fait chez nos clients et de notre veille sur les organisations apprenantes de mani\u00e8re plus globale....","breadcrumb":{"@id":"https:\/\/www.noous.co\/blog\/organisation-apprenante\/referentiel-organisation-apprenante\/#breadcrumb"},"inLanguage":"fr-FR","potentialAction":[{"@type":"ReadAction","target":["https:\/\/www.noous.co\/blog\/organisation-apprenante\/referentiel-organisation-apprenante\/"]}]},{"@type":"ImageObject","inLanguage":"fr-FR","@id":"https:\/\/www.noous.co\/blog\/organisation-apprenante\/referentiel-organisation-apprenante\/#primaryimage","url":"https:\/\/www.noous.co\/blog\/wp-content\/uploads\/2023\/02\/Referentiel-organisation-apprenante.png","contentUrl":"https:\/\/www.noous.co\/blog\/wp-content\/uploads\/2023\/02\/Referentiel-organisation-apprenante.png","width":1920,"height":700},{"@type":"BreadcrumbList","@id":"https:\/\/www.noous.co\/blog\/organisation-apprenante\/referentiel-organisation-apprenante\/#breadcrumb","itemListElement":[{"@type":"ListItem","position":1,"name":"Accueil","item":"https:\/\/www.noous.co\/blog\/"},{"@type":"ListItem","position":2,"name":"R\u00e9f\u00e9rentiel organisation apprenante"}]},{"@type":"WebSite","@id":"https:\/\/www.noous.co\/blog\/#website","url":"https:\/\/www.noous.co\/blog\/","name":"NOOUS I Le Blog","description":"Le blog des richesses humaines","potentialAction":[{"@type":"SearchAction","target":{"@type":"EntryPoint","urlTemplate":"https:\/\/www.noous.co\/blog\/?s={search_term_string}"},"query-input":{"@type":"PropertyValueSpecification","valueRequired":true,"valueName":"search_term_string"}}],"inLanguage":"fr-FR"},{"@type":"Person","@id":"https:\/\/www.noous.co\/blog\/#\/schema\/person\/fbbc32f4d21765e14d6815db299bc6f1","name":"Khadija Boukhris"}]}},"_links":{"self":[{"href":"https:\/\/www.noous.co\/blog\/wp-json\/wp\/v2\/posts\/14183","targetHints":{"allow":["GET"]}}],"collection":[{"href":"https:\/\/www.noous.co\/blog\/wp-json\/wp\/v2\/posts"}],"about":[{"href":"https:\/\/www.noous.co\/blog\/wp-json\/wp\/v2\/types\/post"}],"author":[{"embeddable":true,"href":"https:\/\/www.noous.co\/blog\/wp-json\/wp\/v2\/users\/36"}],"replies":[{"embeddable":true,"href":"https:\/\/www.noous.co\/blog\/wp-json\/wp\/v2\/comments?post=14183"}],"version-history":[{"count":11,"href":"https:\/\/www.noous.co\/blog\/wp-json\/wp\/v2\/posts\/14183\/revisions"}],"predecessor-version":[{"id":16824,"href":"https:\/\/www.noous.co\/blog\/wp-json\/wp\/v2\/posts\/14183\/revisions\/16824"}],"wp:featuredmedia":[{"embeddable":true,"href":"https:\/\/www.noous.co\/blog\/wp-json\/wp\/v2\/media\/16823"}],"wp:attachment":[{"href":"https:\/\/www.noous.co\/blog\/wp-json\/wp\/v2\/media?parent=14183"}],"wp:term":[{"taxonomy":"category","embeddable":true,"href":"https:\/\/www.noous.co\/blog\/wp-json\/wp\/v2\/categories?post=14183"},{"taxonomy":"post_tag","embeddable":true,"href":"https:\/\/www.noous.co\/blog\/wp-json\/wp\/v2\/tags?post=14183"}],"curies":[{"name":"wp","href":"https:\/\/api.w.org\/{rel}","templated":true}]}}